{"id":2882,"date":"2025-01-24T17:28:42","date_gmt":"2025-01-24T16:28:42","guid":{"rendered":"https:\/\/stade28.net\/?p=2882"},"modified":"2025-01-24T17:28:42","modified_gmt":"2025-01-24T16:28:42","slug":"pose-de-la-premiere-pierre-du-centre-technique-national-de-football-a-abidjan-bouba-sampil-felicite-par-la-fif","status":"publish","type":"post","link":"https:\/\/stade28.net\/index.php\/pose-de-la-premiere-pierre-du-centre-technique-national-de-football-a-abidjan-bouba-sampil-felicite-par-la-fif\/","title":{"rendered":"Pose de la premi\u00e8re pierre du Centre Technique National de Football \u00e0 Abidjan : Bouba Sampil f\u00e9licit\u00e9 par la FIF"},"content":{"rendered":"<p>Le pr\u00e9sident de la F\u00e9d\u00e9ration Ivoirienne de Football (FIF) a tenu \u00e0 f\u00e9liciter et remercier chaleureusement Bouba Sampil, pr\u00e9sident de la F\u00e9d\u00e9ration Guin\u00e9enne de Football (FGF), pour sa pr\u00e9sence remarqu\u00e9e lors de la c\u00e9r\u00e9monie de pose de la premi\u00e8re pierre du Centre Technique National de Football (CTNF).<\/p>\n<p>Cet \u00e9v\u00e9nement, qui s\u2019est d\u00e9roul\u00e9 le 16 janvier 2025 \u00e0 Abidjan, marque une \u00e9tape importante pour le d\u00e9veloppement du football ivoirien, avec la construction d\u2019un centre technique moderne d\u00e9di\u00e9 \u00e0 la formation et \u00e0 l\u2019excellence.<\/p>\n<p>Dans un courrier officiel dont notre r\u00e9daction d\u00e9tient une copie, la FIF a exprim\u00e9 sa gratitude envers Bouba Sampil, soulignant l\u2019importance de sa participation comme un signe de solidarit\u00e9 et de coop\u00e9ration entre les f\u00e9d\u00e9rations guin\u00e9enne et ivoirienne.<\/p>\n<p><img loading=\"lazy\" decoding=\"async\" class=\"alignnone size-medium wp-image-2884\" src=\"https:\/\/stade28.net\/wp-content\/uploads\/2025\/01\/Messenger_creation_5344A48F-B834-4B58-97F0-C41AD9D41C3B-138x300.jpeg\" alt=\"\" width=\"138\" height=\"300\" srcset=\"https:\/\/stade28.net\/wp-content\/uploads\/2025\/01\/Messenger_creation_5344A48F-B834-4B58-97F0-C41AD9D41C3B-138x300.jpeg 138w, https:\/\/stade28.net\/wp-content\/uploads\/2025\/01\/Messenger_creation_5344A48F-B834-4B58-97F0-C41AD9D41C3B-472x1024.jpeg 472w, https:\/\/stade28.net\/wp-content\/uploads\/2025\/01\/Messenger_creation_5344A48F-B834-4B58-97F0-C41AD9D41C3B-708x1536.jpeg 708w, https:\/\/stade28.net\/wp-content\/uploads\/2025\/01\/Messenger_creation_5344A48F-B834-4B58-97F0-C41AD9D41C3B-150x325.jpeg 150w, https:\/\/stade28.net\/wp-content\/uploads\/2025\/01\/Messenger_creation_5344A48F-B834-4B58-97F0-C41AD9D41C3B-300x650.jpeg 300w, https:\/\/stade28.net\/wp-content\/uploads\/2025\/01\/Messenger_creation_5344A48F-B834-4B58-97F0-C41AD9D41C3B-696x1509.jpeg 696w, https:\/\/stade28.net\/wp-content\/uploads\/2025\/01\/Messenger_creation_5344A48F-B834-4B58-97F0-C41AD9D41C3B-194x420.jpeg 194w, https:\/\/stade28.net\/wp-content\/uploads\/2025\/01\/Messenger_creation_5344A48F-B834-4B58-97F0-C41AD9D41C3B-610x1322.jpeg 610w, https:\/\/stade28.net\/wp-content\/uploads\/2025\/01\/Messenger_creation_5344A48F-B834-4B58-97F0-C41AD9D41C3B.jpeg 738w\" sizes=\"auto, (max-width: 138px) 100vw, 138px\" \/><\/p>\n<p>La pr\u00e9sence de Bouba Sampil \u00e0 cet \u00e9v\u00e9nement t\u00e9moigne de l\u2019engagement des deux institutions \u00e0 renforcer les liens dans le d\u00e9veloppement du football africain.<\/p>\n<p><strong>Marif Youla\u00a0<\/strong><\/p>\n","protected":false},"excerpt":{"rendered":"<p>Le pr\u00e9sident de la F\u00e9d\u00e9ration Ivoirienne de Football (FIF) a tenu \u00e0 f\u00e9liciter et remercier chaleureusement Bouba Sampil, pr\u00e9sident de la F\u00e9d\u00e9ration Guin\u00e9enne de Football (FGF), pour sa pr\u00e9sence remarqu\u00e9e lors de la c\u00e9r\u00e9monie de pose de la premi\u00e8re pierre du Centre Technique National de Football (CTNF). Cet \u00e9v\u00e9nement, qui s\u2019est d\u00e9roul\u00e9 le 16 janvier [&hellip;]<\/p>\n","protected":false},"author":2,"featured_media":2883,"comment_status":"closed","ping_status":"closed","sticky":false,"template":"","format":"standard","meta":{"footnotes":""},"categories":[2],"tags":[],"class_list":{"0":"post-2882","1":"post","2":"type-post","3":"status-publish","4":"format-standard","5":"has-post-thumbnail","7":"category-news"},"aioseo_notices":[],"_links":{"self":[{"href":"https:\/\/stade28.net\/index.php\/wp-json\/wp\/v2\/posts\/2882","targetHints":{"allow":["GET"]}}],"collection":[{"href":"https:\/\/stade28.net\/index.php\/wp-json\/wp\/v2\/posts"}],"about":[{"href":"https:\/\/stade28.net\/index.php\/wp-json\/wp\/v2\/types\/post"}],"author":[{"embeddable":true,"href":"https:\/\/stade28.net\/index.php\/wp-json\/wp\/v2\/users\/2"}],"replies":[{"embeddable":true,"href":"https:\/\/stade28.net\/index.php\/wp-json\/wp\/v2\/comments?post=2882"}],"version-history":[{"count":0,"href":"https:\/\/stade28.net\/index.php\/wp-json\/wp\/v2\/posts\/2882\/revisions"}],"wp:featuredmedia":[{"embeddable":true,"href":"https:\/\/stade28.net\/index.php\/wp-json\/wp\/v2\/media\/2883"}],"wp:attachment":[{"href":"https:\/\/stade28.net\/index.php\/wp-json\/wp\/v2\/media?parent=2882"}],"wp:term":[{"taxonomy":"category","embeddable":true,"href":"https:\/\/stade28.net\/index.php\/wp-json\/wp\/v2\/categories?post=2882"},{"taxonomy":"post_tag","embeddable":true,"href":"https:\/\/stade28.net\/index.php\/wp-json\/wp\/v2\/tags?post=2882"}],"curies":[{"name":"wp","href":"https:\/\/api.w.org\/{rel}","templated":true}]}}