{"id":2837,"date":"2025-01-22T17:10:48","date_gmt":"2025-01-22T16:10:48","guid":{"rendered":"https:\/\/stade28.net\/?p=2837"},"modified":"2025-01-22T17:14:03","modified_gmt":"2025-01-22T16:14:03","slug":"premiere-edition-du-tournoi-elite-foot-detection-conakry-les-organisateurs-annoncent-les-couleurs","status":"publish","type":"post","link":"https:\/\/stade28.net\/index.php\/premiere-edition-du-tournoi-elite-foot-detection-conakry-les-organisateurs-annoncent-les-couleurs\/","title":{"rendered":"Premi\u00e8re \u00e9dition du tournoi \u00c9lite Foot D\u00e9tection Conakry : les organisateurs annoncent les couleurs"},"content":{"rendered":"<p>\u00c0 quelques jours du coup d\u2019envoi de la premi\u00e8re \u00e9dition du tournoi \u00c9lite Foot D\u00e9tection Conakry, l&rsquo;ancien capitaine du Syli national, Kamil Zayatte, accompagn\u00e9 de son \u00e9quipe d&rsquo;organisation, a tenu une conf\u00e9rence de presse ce mardi 22 janvier 2025.<br \/>\nCet \u00e9v\u00e9nement, qui se tiendra du 24 au 26 janvier 2025 au stade de Col\u00e9ah, dans la commune de Matam, r\u00e9unira 16 acad\u00e9mies guin\u00e9ennes de football ainsi que des \u00e9quipes invit\u00e9es du S\u00e9n\u00e9gal et du Mali.<\/p>\n<p><img loading=\"lazy\" decoding=\"async\" class=\"alignnone size-medium wp-image-2839\" src=\"https:\/\/stade28.net\/wp-content\/uploads\/2025\/01\/Messenger_creation_5C3B057D-F519-48CB-BA4F-9054AF8CE202-243x300.jpeg\" alt=\"\" width=\"243\" height=\"300\" srcset=\"https:\/\/stade28.net\/wp-content\/uploads\/2025\/01\/Messenger_creation_5C3B057D-F519-48CB-BA4F-9054AF8CE202-243x300.jpeg 243w, https:\/\/stade28.net\/wp-content\/uploads\/2025\/01\/Messenger_creation_5C3B057D-F519-48CB-BA4F-9054AF8CE202-830x1024.jpeg 830w, https:\/\/stade28.net\/wp-content\/uploads\/2025\/01\/Messenger_creation_5C3B057D-F519-48CB-BA4F-9054AF8CE202-768x948.jpeg 768w, https:\/\/stade28.net\/wp-content\/uploads\/2025\/01\/Messenger_creation_5C3B057D-F519-48CB-BA4F-9054AF8CE202-1245x1536.jpeg 1245w, https:\/\/stade28.net\/wp-content\/uploads\/2025\/01\/Messenger_creation_5C3B057D-F519-48CB-BA4F-9054AF8CE202-150x185.jpeg 150w, https:\/\/stade28.net\/wp-content\/uploads\/2025\/01\/Messenger_creation_5C3B057D-F519-48CB-BA4F-9054AF8CE202-300x370.jpeg 300w, https:\/\/stade28.net\/wp-content\/uploads\/2025\/01\/Messenger_creation_5C3B057D-F519-48CB-BA4F-9054AF8CE202-324x400.jpeg 324w, https:\/\/stade28.net\/wp-content\/uploads\/2025\/01\/Messenger_creation_5C3B057D-F519-48CB-BA4F-9054AF8CE202-696x859.jpeg 696w, https:\/\/stade28.net\/wp-content\/uploads\/2025\/01\/Messenger_creation_5C3B057D-F519-48CB-BA4F-9054AF8CE202-1068x1318.jpeg 1068w, https:\/\/stade28.net\/wp-content\/uploads\/2025\/01\/Messenger_creation_5C3B057D-F519-48CB-BA4F-9054AF8CE202-340x420.jpeg 340w, https:\/\/stade28.net\/wp-content\/uploads\/2025\/01\/Messenger_creation_5C3B057D-F519-48CB-BA4F-9054AF8CE202-610x753.jpeg 610w, https:\/\/stade28.net\/wp-content\/uploads\/2025\/01\/Messenger_creation_5C3B057D-F519-48CB-BA4F-9054AF8CE202.jpeg 1660w\" sizes=\"auto, (max-width: 243px) 100vw, 243px\" \/><br \/>\n<strong>Un tournoi pour r\u00e9v\u00e9ler les talents<\/strong><br \/>\nD\u00e8s le d\u00e9but de son intervention, Kamil Zayatte a expliqu\u00e9 les objectifs de cette premi\u00e8re \u00e9dition, plac\u00e9e sous le slogan \u00ab\u202fLe football au service du social\u00bb :<br \/>\n\u00ab\u202fVous savez, il y a en Guin\u00e9e de nombreux jeunes joueurs qui n\u2019ont pas la chance d\u2019\u00eatre rep\u00e9r\u00e9s par les grands clubs europ\u00e9ens. Avec mes partenaires, nous avons r\u00e9fl\u00e9chi \u00e0 cette initiative \u00e0 travers notre club, le FC Taboussou, et notre acad\u00e9mie. Nous voulons offrir une opportunit\u00e9 \u00e0 ces jeunes talents de se faire remarquer, non seulement dans notre club, mais aussi dans les autres acad\u00e9mies qui font un travail remarquable. Ce tournoi est une occasion pour tous ces jeunes de d\u00e9montrer leurs capacit\u00e9s et, pourquoi pas, d\u2019attirer l\u2019attention des recruteurs pour une carri\u00e8re en Europe.\u202f\u00bb<br \/>\nZayatte a \u00e9galement soulign\u00e9 la participation d\u2019une \u00e9quipe du S\u00e9n\u00e9gal et d\u2019une acad\u00e9mie du Mali, d\u00e9j\u00e0 en route pour Conakry, t\u00e9moignant ainsi de la dimension sous-r\u00e9gionale de l\u2019\u00e9v\u00e9nement.<br \/>\nUne ambition claire pour la d\u00e9tection<br \/>\nEn \u00e9voquant ses attentes pour cette \u00e9dition inaugurale, Kamil Zayatte a d\u00e9clar\u00e9:<br \/>\n\u00ab\u202fMon ambition est de valoriser le travail accompli avec le FC Taboussou depuis deux ans. Nous avons des joueurs talentueux que nous souhaitons pr\u00e9senter aux recruteurs. Mais ce tournoi va \u00e9galement permettre de mettre en lumi\u00e8re les jeunes talents des autres acad\u00e9mies. \u00c0 notre \u00e9poque, nous n\u2019avions pas ce type d\u2019opportunit\u00e9. Ce tournoi donne une chance aux clubs amateurs de se valoriser et, \u00e9ventuellement, de b\u00e9n\u00e9ficier des indemnit\u00e9s de formation pour leurs joueurs.\u202f\u00bb<br \/>\n<strong>Une organisation de haut niveau<\/strong><br \/>\nKamil Zayatte a insist\u00e9 sur la particularit\u00e9 de ce tournoi:<br \/>\n\u00ab\u202fCe qui rend cet \u00e9v\u00e9nement unique, c\u2019est que je viens du milieu du football. En tant qu\u2019ancien joueur, je sais comment cela fonctionne. J\u2019ai fait appel \u00e0 mes contacts pour inviter des responsables de recrutement, et non de simples agents. Ces recruteurs viennent directement d\u2019Europe, comme le directeur sportif d\u2019un club n\u00e9erlandais ou le responsable de recrutement de Lille, qui est d\u00e9j\u00e0 arriv\u00e9. Nous attendons \u00e9galement ceux du Paris FC et du FC Metz, qui arrivent ce soir.\u202f\u00bb<br \/>\nUn \u00e9v\u00e9nement prometteur pour les acad\u00e9mies.<\/p>\n<p><img loading=\"lazy\" decoding=\"async\" class=\"alignnone size-medium wp-image-2840\" src=\"https:\/\/stade28.net\/wp-content\/uploads\/2025\/01\/Gallery_1737558438179-273x300.jpg\" alt=\"\" width=\"273\" height=\"300\" srcset=\"https:\/\/stade28.net\/wp-content\/uploads\/2025\/01\/Gallery_1737558438179-273x300.jpg 273w, https:\/\/stade28.net\/wp-content\/uploads\/2025\/01\/Gallery_1737558438179-150x165.jpg 150w, https:\/\/stade28.net\/wp-content\/uploads\/2025\/01\/Gallery_1737558438179-300x329.jpg 300w, https:\/\/stade28.net\/wp-content\/uploads\/2025\/01\/Gallery_1737558438179-696x764.jpg 696w, https:\/\/stade28.net\/wp-content\/uploads\/2025\/01\/Gallery_1737558438179-383x420.jpg 383w, https:\/\/stade28.net\/wp-content\/uploads\/2025\/01\/Gallery_1737558438179-610x669.jpg 610w, https:\/\/stade28.net\/wp-content\/uploads\/2025\/01\/Gallery_1737558438179.jpg 720w\" sizes=\"auto, (max-width: 273px) 100vw, 273px\" \/><br \/>\nLe pr\u00e9sident de l&rsquo;acad\u00e9mie Union de Dixinn, membre de l\u2019organisation, a rappel\u00e9 l\u2019importance de la participation des acad\u00e9mies:<br \/>\n\u00ab\u202fNous avons pris part \u00e0 plusieurs tournois de d\u00e9tection \u00e0 Conakry. Cependant, l\u2019ambition ici est de mettre en valeur les jeunes talents guin\u00e9ens. Le football est une v\u00e9ritable institution, et nous investissons chaque jour pour en tirer des r\u00e9sultats. Ce tournoi est une opportunit\u00e9 de montrer ce que nos jeunes et nos acad\u00e9mies peuvent offrir.\u202f\u00bb<\/p>\n<p><img loading=\"lazy\" decoding=\"async\" class=\"alignnone size-medium wp-image-2841\" src=\"https:\/\/stade28.net\/wp-content\/uploads\/2025\/01\/Messenger_creation_527FB104-B605-483A-90C5-A03545AEE3FD-263x300.jpg\" alt=\"\" width=\"263\" height=\"300\" srcset=\"https:\/\/stade28.net\/wp-content\/uploads\/2025\/01\/Messenger_creation_527FB104-B605-483A-90C5-A03545AEE3FD-263x300.jpg 263w, https:\/\/stade28.net\/wp-content\/uploads\/2025\/01\/Messenger_creation_527FB104-B605-483A-90C5-A03545AEE3FD-150x171.jpg 150w, https:\/\/stade28.net\/wp-content\/uploads\/2025\/01\/Messenger_creation_527FB104-B605-483A-90C5-A03545AEE3FD-300x342.jpg 300w, https:\/\/stade28.net\/wp-content\/uploads\/2025\/01\/Messenger_creation_527FB104-B605-483A-90C5-A03545AEE3FD-696x793.jpg 696w, https:\/\/stade28.net\/wp-content\/uploads\/2025\/01\/Messenger_creation_527FB104-B605-483A-90C5-A03545AEE3FD-369x420.jpg 369w, https:\/\/stade28.net\/wp-content\/uploads\/2025\/01\/Messenger_creation_527FB104-B605-483A-90C5-A03545AEE3FD-610x695.jpg 610w, https:\/\/stade28.net\/wp-content\/uploads\/2025\/01\/Messenger_creation_527FB104-B605-483A-90C5-A03545AEE3FD.jpg 718w\" sizes=\"auto, (max-width: 263px) 100vw, 263px\" \/><br \/>\nDe son c\u00f4t\u00e9, Abdoulaye Camara, coach principal de l\u2019acad\u00e9mie Fella, a exprim\u00e9 sa satisfaction:<br \/>\n\u00ab\u202fC\u2019est une excellente initiative pour le football guin\u00e9en. C\u2019est la premi\u00e8re fois que notre acad\u00e9mie participe \u00e0 un tel \u00e9v\u00e9nement, et je suis ravi. Mon objectif est que les recruteurs puissent rep\u00e9rer nos jeunes talents et leur offrir des opportunit\u00e9s.\u202f\u00bb<br \/>\n<strong>Une comp\u00e9tition en poules<\/strong><br \/>\nPour cette premi\u00e8re \u00e9dition, les 16 acad\u00e9mies participantes seront r\u00e9parties en quatre poules de quatre \u00e9quipes. Seule la premi\u00e8re \u00e9quipe de chaque poule sera qualifi\u00e9e pour les phases finales.<br \/>\nL\u2019initiative de Kamil Zayatte et de son \u00e9quipe promet d\u2019\u00eatre une plateforme incontournable pour la promotion des jeunes talents du football guin\u00e9en et de la sous-r\u00e9gion.<\/p>\n","protected":false},"excerpt":{"rendered":"<p>\u00c0 quelques jours du coup d\u2019envoi de la premi\u00e8re \u00e9dition du tournoi \u00c9lite Foot D\u00e9tection Conakry, l&rsquo;ancien capitaine du Syli national, Kamil Zayatte, accompagn\u00e9 de son \u00e9quipe d&rsquo;organisation, a tenu une conf\u00e9rence de presse ce mardi 22 janvier 2025. Cet \u00e9v\u00e9nement, qui se tiendra du 24 au 26 janvier 2025 au stade de Col\u00e9ah, dans [&hellip;]<\/p>\n","protected":false},"author":2,"featured_media":2838,"comment_status":"closed","ping_status":"closed","sticky":false,"template":"","format":"standard","meta":{"footnotes":""},"categories":[2],"tags":[],"class_list":{"0":"post-2837","1":"post","2":"type-post","3":"status-publish","4":"format-standard","5":"has-post-thumbnail","7":"category-news"},"aioseo_notices":[],"_links":{"self":[{"href":"https:\/\/stade28.net\/index.php\/wp-json\/wp\/v2\/posts\/2837","targetHints":{"allow":["GET"]}}],"collection":[{"href":"https:\/\/stade28.net\/index.php\/wp-json\/wp\/v2\/posts"}],"about":[{"href":"https:\/\/stade28.net\/index.php\/wp-json\/wp\/v2\/types\/post"}],"author":[{"embeddable":true,"href":"https:\/\/stade28.net\/index.php\/wp-json\/wp\/v2\/users\/2"}],"replies":[{"embeddable":true,"href":"https:\/\/stade28.net\/index.php\/wp-json\/wp\/v2\/comments?post=2837"}],"version-history":[{"count":0,"href":"https:\/\/stade28.net\/index.php\/wp-json\/wp\/v2\/posts\/2837\/revisions"}],"wp:featuredmedia":[{"embeddable":true,"href":"https:\/\/stade28.net\/index.php\/wp-json\/wp\/v2\/media\/2838"}],"wp:attachment":[{"href":"https:\/\/stade28.net\/index.php\/wp-json\/wp\/v2\/media?parent=2837"}],"wp:term":[{"taxonomy":"category","embeddable":true,"href":"https:\/\/stade28.net\/index.php\/wp-json\/wp\/v2\/categories?post=2837"},{"taxonomy":"post_tag","embeddable":true,"href":"https:\/\/stade28.net\/index.php\/wp-json\/wp\/v2\/tags?post=2837"}],"curies":[{"name":"wp","href":"https:\/\/api.w.org\/{rel}","templated":true}]}}