{"id":2817,"date":"2025-01-19T16:10:16","date_gmt":"2025-01-19T15:10:16","guid":{"rendered":"https:\/\/stade28.net\/?p=2817"},"modified":"2025-01-19T16:20:06","modified_gmt":"2025-01-19T15:20:06","slug":"basse-guinee-kindia-le-bureau-regional-de-lassociation-de-la-presse-sportive-de-guinee-apsg-installe","status":"publish","type":"post","link":"https:\/\/stade28.net\/index.php\/basse-guinee-kindia-le-bureau-regional-de-lassociation-de-la-presse-sportive-de-guinee-apsg-installe\/","title":{"rendered":"Basse-Guin\u00e9e\/Kindia : Le bureau r\u00e9gional de l&rsquo;Association de la presse sportive\u00a0 de Guin\u00e9e ( APSG),\u00a0 install\u00e9!\u00a0"},"content":{"rendered":"<div dir=\"auto\">Ce\u00a0 dimanche 19\u00a0 Janvier 2025, Kindia , la ville des agrumes, a abrit\u00e9 la c\u00e9r\u00e9monie de\u00a0 mise en place de l&rsquo;antenne r\u00e9gionale de l&rsquo;Association de la presse sportive de Guin\u00e9e ( A PSG ) en Basse Guin\u00e9e. C\u00e9r\u00e9monie marqu\u00e9e par la\u00a0 pr\u00e9sence de plusieures personnalit\u00e9s venanues de la commune urbaine, notamment le repr\u00e9sentant du gouverneur de Kindia Moriba Loua , le pr\u00e9sident de la d\u00e9l\u00e9gation sp\u00e9ciale de la commune urbaine de Kindia, Elhadj Django Ciss\u00e9, l&rsquo;inspecteur r\u00e9gional de l&rsquo;habitat, Malick Marcel Bangoura, ainsi que bien d&rsquo;autres invit\u00e9s.<\/div>\n<div dir=\"auto\"><\/div>\n<div dir=\"auto\">Le Bureau Ex\u00e9cutif etait repr\u00e9sent\u00e9 par le vice pr\u00e9sident Mamoudou Bory Bah, le Secr\u00e9taire ex\u00e9cutif Kaba Fod\u00e9, le responsable des antennes r\u00e9gionales Mamadou Bobo Barry, le secr\u00e9taire adjoint charg\u00e9 \u00e0 l&rsquo;information Marif youla et Moussa Campos Soumah 2eme secr\u00e9taire \u00e0 la formation. Dans son discours de bienvenue, le vice pr\u00e9sident de l&rsquo;association a tout d&rsquo;abord d\u00e9clin\u00e9 l\u2019objectif de sa structure avant la mise en place de cette antenne r\u00e9gionale de la Basse Guin\u00e9e.<\/div>\n<div dir=\"auto\"><img loading=\"lazy\" decoding=\"async\" class=\"alignnone size-medium wp-image-2819\" src=\"https:\/\/stade28.net\/wp-content\/uploads\/2025\/01\/Gallery_1737298998263-205x300.jpeg\" alt=\"\" width=\"205\" height=\"300\" srcset=\"https:\/\/stade28.net\/wp-content\/uploads\/2025\/01\/Gallery_1737298998263-205x300.jpeg 205w, https:\/\/stade28.net\/wp-content\/uploads\/2025\/01\/Gallery_1737298998263-699x1024.jpeg 699w, https:\/\/stade28.net\/wp-content\/uploads\/2025\/01\/Gallery_1737298998263-768x1125.jpeg 768w, https:\/\/stade28.net\/wp-content\/uploads\/2025\/01\/Gallery_1737298998263-150x220.jpeg 150w, https:\/\/stade28.net\/wp-content\/uploads\/2025\/01\/Gallery_1737298998263-300x439.jpeg 300w, https:\/\/stade28.net\/wp-content\/uploads\/2025\/01\/Gallery_1737298998263-696x1019.jpeg 696w, https:\/\/stade28.net\/wp-content\/uploads\/2025\/01\/Gallery_1737298998263-287x420.jpeg 287w, https:\/\/stade28.net\/wp-content\/uploads\/2025\/01\/Gallery_1737298998263-610x893.jpeg 610w, https:\/\/stade28.net\/wp-content\/uploads\/2025\/01\/Gallery_1737298998263.jpeg 986w\" sizes=\"auto, (max-width: 205px) 100vw, 205px\" \/><\/div>\n<div dir=\"auto\">\u201c Cette assembl\u00e9e constitutive de l&rsquo;APSG\u00a0 Basse Guin\u00e9e est compos\u00e9e de 23 membres tous des journalistes \u00e9voluant dans le sport venus de divers horizons. En plus de Kindia , nous avons les repr\u00e9sentants de plusieurs pr\u00e9fectures et de la commune rurale \u00e0 savoir Coyah , Dubreka , Sangaredi, Bok\u00e9, Boffa et For\u00e9cariah. C&rsquo;est toute la basse Guin\u00e9e qui est concern\u00e9e pour la mise en place de cette antenne \u00e0 l&rsquo;issue de cette assembl\u00e9e constutive de l&rsquo;antenne r\u00e9gionale qui sera en charge de d\u00e9velopper le journalisme sportif en Basse Guin\u00e9e a dit en substance Mamoudou Bory Bah Chef de mission. Et d&rsquo;ajouter: \u00ab\u00a0Je vous rappelle que l&rsquo;association de la presse sportive de Guin\u00e9e est cr\u00e9\u00e9e en 2010 et elle c\u00e9l\u00e9brera son 15 \u00e8me anniversaire au mois de mars prochain . Dans ce registre , nous sommes tr\u00e8s heureux que la r\u00e9gion de Kindia soit la premi\u00e8re \u00e0 recevoir la d\u00e9l\u00e9gation du bureau central de l&rsquo;APSG pour la mise en place de cette antenne a-til soulign\u00e9. Apr\u00e8s Kindia, nous allons mettre la m\u00eame antenne en Haute Guin\u00e9e , en Guin\u00e9e Foresti\u00e8re et en Moyenne Guin\u00e9e a dit en substance Bory Bah.<\/div>\n<div dir=\"auto\"><img loading=\"lazy\" decoding=\"async\" class=\"alignnone size-medium wp-image-2823\" src=\"https:\/\/stade28.net\/wp-content\/uploads\/2025\/01\/Messenger_creation_05955543-5B6C-4933-B839-96AA2D0EE7F7-285x300.jpeg\" alt=\"\" width=\"285\" height=\"300\" srcset=\"https:\/\/stade28.net\/wp-content\/uploads\/2025\/01\/Messenger_creation_05955543-5B6C-4933-B839-96AA2D0EE7F7-285x300.jpeg 285w, https:\/\/stade28.net\/wp-content\/uploads\/2025\/01\/Messenger_creation_05955543-5B6C-4933-B839-96AA2D0EE7F7-973x1024.jpeg 973w, https:\/\/stade28.net\/wp-content\/uploads\/2025\/01\/Messenger_creation_05955543-5B6C-4933-B839-96AA2D0EE7F7-768x808.jpeg 768w, https:\/\/stade28.net\/wp-content\/uploads\/2025\/01\/Messenger_creation_05955543-5B6C-4933-B839-96AA2D0EE7F7-1460x1536.jpeg 1460w, https:\/\/stade28.net\/wp-content\/uploads\/2025\/01\/Messenger_creation_05955543-5B6C-4933-B839-96AA2D0EE7F7-150x158.jpeg 150w, https:\/\/stade28.net\/wp-content\/uploads\/2025\/01\/Messenger_creation_05955543-5B6C-4933-B839-96AA2D0EE7F7-300x316.jpeg 300w, https:\/\/stade28.net\/wp-content\/uploads\/2025\/01\/Messenger_creation_05955543-5B6C-4933-B839-96AA2D0EE7F7-696x732.jpeg 696w, https:\/\/stade28.net\/wp-content\/uploads\/2025\/01\/Messenger_creation_05955543-5B6C-4933-B839-96AA2D0EE7F7-1068x1124.jpeg 1068w, https:\/\/stade28.net\/wp-content\/uploads\/2025\/01\/Messenger_creation_05955543-5B6C-4933-B839-96AA2D0EE7F7-1920x2021.jpeg 1920w, https:\/\/stade28.net\/wp-content\/uploads\/2025\/01\/Messenger_creation_05955543-5B6C-4933-B839-96AA2D0EE7F7-399x420.jpeg 399w, https:\/\/stade28.net\/wp-content\/uploads\/2025\/01\/Messenger_creation_05955543-5B6C-4933-B839-96AA2D0EE7F7-610x642.jpeg 610w, https:\/\/stade28.net\/wp-content\/uploads\/2025\/01\/Messenger_creation_05955543-5B6C-4933-B839-96AA2D0EE7F7.jpeg 1946w\" sizes=\"auto, (max-width: 285px) 100vw, 285px\" \/><\/div>\n<div dir=\"auto\">De son c\u00f4t\u00e9, le pr\u00e9sident de la d\u00e9l\u00e9gation sp\u00e9ciale de la commune urbaine de Kindia a rappel\u00e9 les haut faits du sport en Guin\u00e9e et la n\u00e9cessit\u00e9 pour la presse sportive d&rsquo;\u00eatre \u00e0 lavant garde de la paix et de la coh\u00e9sion sociale.<\/div>\n<div dir=\"auto\"><img loading=\"lazy\" decoding=\"async\" class=\"alignnone size-medium wp-image-2825\" src=\"https:\/\/stade28.net\/wp-content\/uploads\/2025\/01\/Messenger_creation_84F67ED9-F986-4B1A-805B-A04A31FAC0FA-300x239.jpeg\" alt=\"\" width=\"300\" height=\"239\" srcset=\"https:\/\/stade28.net\/wp-content\/uploads\/2025\/01\/Messenger_creation_84F67ED9-F986-4B1A-805B-A04A31FAC0FA-300x239.jpeg 300w, https:\/\/stade28.net\/wp-content\/uploads\/2025\/01\/Messenger_creation_84F67ED9-F986-4B1A-805B-A04A31FAC0FA-1024x816.jpeg 1024w, https:\/\/stade28.net\/wp-content\/uploads\/2025\/01\/Messenger_creation_84F67ED9-F986-4B1A-805B-A04A31FAC0FA-768x612.jpeg 768w, https:\/\/stade28.net\/wp-content\/uploads\/2025\/01\/Messenger_creation_84F67ED9-F986-4B1A-805B-A04A31FAC0FA-1536x1224.jpeg 1536w, https:\/\/stade28.net\/wp-content\/uploads\/2025\/01\/Messenger_creation_84F67ED9-F986-4B1A-805B-A04A31FAC0FA-150x120.jpeg 150w, https:\/\/stade28.net\/wp-content\/uploads\/2025\/01\/Messenger_creation_84F67ED9-F986-4B1A-805B-A04A31FAC0FA-696x555.jpeg 696w, https:\/\/stade28.net\/wp-content\/uploads\/2025\/01\/Messenger_creation_84F67ED9-F986-4B1A-805B-A04A31FAC0FA-1068x851.jpeg 1068w, https:\/\/stade28.net\/wp-content\/uploads\/2025\/01\/Messenger_creation_84F67ED9-F986-4B1A-805B-A04A31FAC0FA-1920x1530.jpeg 1920w, https:\/\/stade28.net\/wp-content\/uploads\/2025\/01\/Messenger_creation_84F67ED9-F986-4B1A-805B-A04A31FAC0FA-527x420.jpeg 527w, https:\/\/stade28.net\/wp-content\/uploads\/2025\/01\/Messenger_creation_84F67ED9-F986-4B1A-805B-A04A31FAC0FA-610x486.jpeg 610w, https:\/\/stade28.net\/wp-content\/uploads\/2025\/01\/Messenger_creation_84F67ED9-F986-4B1A-805B-A04A31FAC0FA.jpeg 2048w\" sizes=\"auto, (max-width: 300px) 100vw, 300px\" \/><\/div>\n<div dir=\"auto\">Avant de d\u00e9clarer ouverte l&rsquo;assembl\u00e9e,\u00a0 le repr\u00e9sentant du gouverneur de la region de Kindia \u00e0 remerci\u00e9 les responsables de l&rsquo;APSG pour le choix port\u00e9 sur sa juridiction. Moriba Loua \u00e0 exhort\u00e9 les d\u00e9l\u00e9gu\u00e9s \u00e0 la collaboration pour un d\u00e9veloppement commun. Apres les travaux en pl\u00e9ni\u00e8re, un bureau de 11 membres a ete mis en place. Le pr\u00e9sident Ibrahima Sory Traor\u00e9\u00a0 s\u2019est r\u00e9joui de ce choix avant de s\u2019engager \u00e0 relever le d\u00e9fi qui l\u2019attend au niveau de sa r\u00e9gion.<\/div>\n<div dir=\"auto\"><img loading=\"lazy\" decoding=\"async\" class=\"alignnone size-medium wp-image-2821\" src=\"https:\/\/stade28.net\/wp-content\/uploads\/2025\/01\/Messenger_creation_B2CB7823-F552-4A25-A8BA-39B7CD0CAD9E-1-300x169.jpeg\" alt=\"\" width=\"300\" height=\"169\" srcset=\"https:\/\/stade28.net\/wp-content\/uploads\/2025\/01\/Messenger_creation_B2CB7823-F552-4A25-A8BA-39B7CD0CAD9E-1-300x169.jpeg 300w, https:\/\/stade28.net\/wp-content\/uploads\/2025\/01\/Messenger_creation_B2CB7823-F552-4A25-A8BA-39B7CD0CAD9E-1-1024x576.jpeg 1024w, https:\/\/stade28.net\/wp-content\/uploads\/2025\/01\/Messenger_creation_B2CB7823-F552-4A25-A8BA-39B7CD0CAD9E-1-768x432.jpeg 768w, https:\/\/stade28.net\/wp-content\/uploads\/2025\/01\/Messenger_creation_B2CB7823-F552-4A25-A8BA-39B7CD0CAD9E-1-1536x864.jpeg 1536w, https:\/\/stade28.net\/wp-content\/uploads\/2025\/01\/Messenger_creation_B2CB7823-F552-4A25-A8BA-39B7CD0CAD9E-1-150x84.jpeg 150w, https:\/\/stade28.net\/wp-content\/uploads\/2025\/01\/Messenger_creation_B2CB7823-F552-4A25-A8BA-39B7CD0CAD9E-1-696x392.jpeg 696w, https:\/\/stade28.net\/wp-content\/uploads\/2025\/01\/Messenger_creation_B2CB7823-F552-4A25-A8BA-39B7CD0CAD9E-1-1068x601.jpeg 1068w, https:\/\/stade28.net\/wp-content\/uploads\/2025\/01\/Messenger_creation_B2CB7823-F552-4A25-A8BA-39B7CD0CAD9E-1-1920x1080.jpeg 1920w, https:\/\/stade28.net\/wp-content\/uploads\/2025\/01\/Messenger_creation_B2CB7823-F552-4A25-A8BA-39B7CD0CAD9E-1-747x420.jpeg 747w, https:\/\/stade28.net\/wp-content\/uploads\/2025\/01\/Messenger_creation_B2CB7823-F552-4A25-A8BA-39B7CD0CAD9E-1-610x343.jpeg 610w, https:\/\/stade28.net\/wp-content\/uploads\/2025\/01\/Messenger_creation_B2CB7823-F552-4A25-A8BA-39B7CD0CAD9E-1.jpeg 2048w\" sizes=\"auto, (max-width: 300px) 100vw, 300px\" \/><\/div>\n<div dir=\"auto\">\u201cJe suis pleinement conscient de la responsabilit\u00e9 qui m&rsquo;est confi\u00e9e. Votre confiance me touche. Je suis pr\u00eat \u00e0 me saigner aux 4 veines pour servir notre association. Je suis d\u00e9termin\u00e9 \u00e0 etre \u00e0 la hauteur de vos attentes. L&rsquo;association de la presse sportive de Guin\u00e9e est une grande famille o\u00f9 chaque membre apporte sa pierre \u00e0 l&rsquo;\u00e9difice. Nous avons la possibilit\u00e9 d&rsquo;atteindre le sommet en mettant nos mains et esprits au travail, a soulign\u00e9 le pr\u00e9sident Ibrahima Sory Traor\u00e9.<\/div>\n<div dir=\"auto\"><\/div>\n<div dir=\"auto\">Il faut rappeler que sur les 19 d\u00e9l\u00e9gu\u00e9s attendus 17 etaient pr\u00e9sents . Cette nouvelle antenne est la toute premi\u00e8re du genre depuis la mise en place de l&rsquo;association de la presse sportive de\u00a0 Guin\u00e9e\u00a0 .\u00a0 Elle est compos\u00e9e de 23 membres dont 11 du bureau ex\u00e9cutif qui forme l&rsquo;antenne r\u00e9gionale. Cette derni\u00e8re doit d\u00e9sormais d\u00e9fendre l&rsquo;int\u00e9r\u00eat et faire la promotion des journalistes sportifs \u00e9voluant\u00a0 en Basse Guin\u00e9e.<\/div>\n<div dir=\"auto\"><\/div>\n<div dir=\"auto\">\n<div dir=\"auto\"><strong>CiOMPOSITION DU BUREAU EX\u00c9CUTIF DE L&rsquo;ANTENNE APSG DE LA BASSE-GUIN\u00c9E\u00a0<\/strong><\/div>\n<div dir=\"auto\"><\/div>\n<div dir=\"auto\"><strong>Pr\u00e9sident : Ibrahima Sory TRAOR\u00c9 (Kindia)<\/strong><\/div>\n<div dir=\"auto\"><\/div>\n<div dir=\"auto\"><strong>Vice-pr\u00e9sident : Mohamed Abdallah GANDEKA (Bok\u00e9)<\/strong><\/div>\n<div dir=\"auto\"><\/div>\n<div dir=\"auto\"><strong>Secr\u00e9taire Administratif : Aboubacar DRAM\u00c9 (Kindia)<\/strong><\/div>\n<div dir=\"auto\"><\/div>\n<div dir=\"auto\"><strong>Tr\u00e9sorier : Joseph BANGOURA (Kindia)<\/strong><\/div>\n<div dir=\"auto\"><\/div>\n<div dir=\"auto\"><strong>Secr\u00e9taires Charg\u00e9s de l&rsquo;Organisation :<\/strong><\/div>\n<div dir=\"auto\"><\/div>\n<div dir=\"auto\"><strong>1. Souleymane TRAOR\u00c9 (Fria)<\/strong><\/div>\n<div dir=\"auto\"><\/div>\n<div dir=\"auto\"><strong>2. Joani MILLIMONO (Coyah)<\/strong><\/div>\n<div dir=\"auto\"><\/div>\n<div dir=\"auto\"><strong>Secr\u00e9taires Charg\u00e9s de l&rsquo;Information et de la Communication :<\/strong><\/div>\n<div dir=\"auto\"><\/div>\n<div dir=\"auto\"><strong>1. Facinet KEITA (Sangar\u00e9di)<\/strong><\/div>\n<div dir=\"auto\"><\/div>\n<div dir=\"auto\"><strong>2. Thierno Yaya DIALLO (Boffa)<\/strong><\/div>\n<div dir=\"auto\"><\/div>\n<div dir=\"auto\"><strong>Secr\u00e9taire Charg\u00e9 de la Formation :<\/strong><\/div>\n<div dir=\"auto\"><\/div>\n<div dir=\"auto\"><strong>Bourhane CAMARA (Dubr\u00e9ka)<\/strong><\/div>\n<div dir=\"auto\"><\/div>\n<div dir=\"auto\"><strong>Secr\u00e9taires Charg\u00e9s des Relations Ext\u00e9rieures et Affaires Sociales :<\/strong><\/div>\n<div dir=\"auto\"><\/div>\n<div dir=\"auto\"><strong>1. Mamadi CISS\u00c9 (For\u00e9cariah)<\/strong><\/div>\n<div dir=\"auto\"><\/div>\n<div dir=\"auto\"><strong>2. Bachir HAIDARA (Kamsar)<\/strong><\/div>\n<div dir=\"auto\"><\/div>\n<\/div>\n<div dir=\"auto\"><strong>APSG<\/strong><\/div>\n","protected":false},"excerpt":{"rendered":"<p>Ce\u00a0 dimanche 19\u00a0 Janvier 2025, Kindia , la ville des agrumes, a abrit\u00e9 la c\u00e9r\u00e9monie de\u00a0 mise en place de l&rsquo;antenne r\u00e9gionale de l&rsquo;Association de la presse sportive de Guin\u00e9e ( A PSG ) en Basse Guin\u00e9e. C\u00e9r\u00e9monie marqu\u00e9e par la\u00a0 pr\u00e9sence de plusieures personnalit\u00e9s venanues de la commune urbaine, notamment le repr\u00e9sentant du gouverneur [&hellip;]<\/p>\n","protected":false},"author":2,"featured_media":2818,"comment_status":"closed","ping_status":"closed","sticky":false,"template":"","format":"standard","meta":{"footnotes":""},"categories":[2],"tags":[],"class_list":{"0":"post-2817","1":"post","2":"type-post","3":"status-publish","4":"format-standard","5":"has-post-thumbnail","7":"category-news"},"aioseo_notices":[],"_links":{"self":[{"href":"https:\/\/stade28.net\/index.php\/wp-json\/wp\/v2\/posts\/2817","targetHints":{"allow":["GET"]}}],"collection":[{"href":"https:\/\/stade28.net\/index.php\/wp-json\/wp\/v2\/posts"}],"about":[{"href":"https:\/\/stade28.net\/index.php\/wp-json\/wp\/v2\/types\/post"}],"author":[{"embeddable":true,"href":"https:\/\/stade28.net\/index.php\/wp-json\/wp\/v2\/users\/2"}],"replies":[{"embeddable":true,"href":"https:\/\/stade28.net\/index.php\/wp-json\/wp\/v2\/comments?post=2817"}],"version-history":[{"count":0,"href":"https:\/\/stade28.net\/index.php\/wp-json\/wp\/v2\/posts\/2817\/revisions"}],"wp:featuredmedia":[{"embeddable":true,"href":"https:\/\/stade28.net\/index.php\/wp-json\/wp\/v2\/media\/2818"}],"wp:attachment":[{"href":"https:\/\/stade28.net\/index.php\/wp-json\/wp\/v2\/media?parent=2817"}],"wp:term":[{"taxonomy":"category","embeddable":true,"href":"https:\/\/stade28.net\/index.php\/wp-json\/wp\/v2\/categories?post=2817"},{"taxonomy":"post_tag","embeddable":true,"href":"https:\/\/stade28.net\/index.php\/wp-json\/wp\/v2\/tags?post=2817"}],"curies":[{"name":"wp","href":"https:\/\/api.w.org\/{rel}","templated":true}]}}