{"id":2805,"date":"2025-01-16T00:17:31","date_gmt":"2025-01-15T23:17:31","guid":{"rendered":"https:\/\/stade28.net\/?p=2805"},"modified":"2025-01-16T00:17:31","modified_gmt":"2025-01-15T23:17:31","slug":"crise-a-la-feguiboxe-quelle-est-la-position-du-ministre-bogola-haba","status":"publish","type":"post","link":"https:\/\/stade28.net\/index.php\/crise-a-la-feguiboxe-quelle-est-la-position-du-ministre-bogola-haba\/","title":{"rendered":"Crise \u00e0 la Feguiboxe : Quelle est la position du ministre Bogola Haba ?"},"content":{"rendered":"<div dir=\"auto\">Le ministre de la Jeunesse et des Sports, Keamou Bogola Haba, a fait de la r\u00e9solution des crises dans les f\u00e9d\u00e9rations sportives nationales l\u2019une de ses priorit\u00e9s. Toutefois, la gestion actuelle de la crise au sein de la F\u00e9d\u00e9ration Guin\u00e9enne de Boxe (Feguiboxe) suscite de vives critiques. Loin de s\u2019imposer comme arbitre neutre dans ce conflit, le ministre semble, selon plusieurs observateurs, prendre parti, ce qui alimente les tensions au lieu de les apaiser.<\/div>\n<div dir=\"auto\"><\/div>\n<div dir=\"auto\"><strong>Une gestion controvers\u00e9e de la crise<\/strong><\/div>\n<div dir=\"auto\"><\/div>\n<div dir=\"auto\">En d\u00e9cembre 2024, treize des quatorze clubs statutaires de la Feguiboxe ont retir\u00e9 leur confiance au pr\u00e9sident sortant, Alpha Amadou Balde, en raison de d\u00e9saccords profonds sur sa gestion. Un bureau ex\u00e9cutif provisoire a \u00e9t\u00e9 mis en place pour restaurer l\u2019ordre et relancer les activit\u00e9s de la f\u00e9d\u00e9ration. Cependant, le ministre Bogola Haba a r\u00e9cemment re\u00e7u en audience Alpha Amadou Bald\u00e9 et Eyassu Wossen, ancien pr\u00e9sident de la Conf\u00e9d\u00e9ration Africaine de Boxe (AFBC), destitu\u00e9 de ses fonctions lors du congr\u00e8s de l\u2019AFBC tenu \u00e0 Duba\u00ef en d\u00e9cembre 2024.<\/div>\n<div dir=\"auto\"><\/div>\n<div dir=\"auto\">Cette rencontre, per\u00e7ue comme une reconnaissance implicite de l\u2019ancien bureau, a provoqu\u00e9 une lev\u00e9e de boucliers parmi les membres frondeurs de la f\u00e9d\u00e9ration. Beaucoup y voient une tentative de l\u00e9gitimer un bureau largement d\u00e9savou\u00e9 par la majorit\u00e9 des clubs guin\u00e9ens.<\/div>\n<div dir=\"auto\"><\/div>\n<div dir=\"auto\"><strong>Des enjeux internationaux et locaux m\u00eal\u00e9s<\/strong><\/div>\n<div dir=\"auto\"><\/div>\n<div dir=\"auto\">Selon les observateurs, Eyassu Wossen, d\u00e9sormais sans pouvoir d\u00e9cisionnel au sein de l\u2019AFBC, chercherait un soutien pour regagner en influence sur la sc\u00e8ne continentale. Cette man\u0153uvre, soutenue par Alpha Amadou Bald\u00e9 ,\u00a0\u00a0est d\u00e9nonc\u00e9e comme une ing\u00e9rence flagrante dans les affaires internes de la Feguiboxe, en violation des principes \u00e9tablis par l\u2019Association Internationale de Boxe (IBA) et l\u2019AFBC.<\/div>\n<div dir=\"auto\"><\/div>\n<div dir=\"auto\"><strong>Un membre du bureau ex\u00e9cutif provisoire d\u00e9clare :<\/strong><\/div>\n<div dir=\"auto\"><\/div>\n<div dir=\"auto\">\u201cUn pr\u00e9sident d\u2019une institution sportive internationale qui ma\u00eetrise les r\u00e8gles du sport n\u2019a pas besoin de solliciter l\u2019appui des autorit\u00e9s politiques pour influencer les f\u00e9d\u00e9rations nationales. Eyassu Wossen n\u2019est pas \u00e0 son premier s\u00e9jour en Guin\u00e9e, mais ses d\u00e9marches r\u00e9centes visent clairement \u00e0 soutenir un pr\u00e9sident d\u00e9savou\u00e9 par la majorit\u00e9 des clubs guin\u00e9ens.\u201d<\/div>\n<div dir=\"auto\"><\/div>\n<div dir=\"auto\"><strong>Des d\u00e9cisions contest\u00e9es<\/strong><\/div>\n<div dir=\"auto\"><\/div>\n<div dir=\"auto\">Le ministre et ses interlocuteurs ont annonc\u00e9, \u00e0 l\u2019issue de cette audience, l\u2019organisation du Championnat d\u2019Afrique de boxe\u00a0 pr\u00e9vu en Guin\u00e9e au mois d\u2019avril 2025. Cette annonce, pourtant non valid\u00e9e par la majorit\u00e9 des f\u00e9d\u00e9rations nationales lors des r\u00e9cents congr\u00e8s de Kinshasa et de Duba\u00ef, a \u00e9t\u00e9 accueillie avec scepticisme. Elle est per\u00e7ue comme un acte unilat\u00e9ral, sans consultation ni l\u00e9gitimit\u00e9, risquant d\u2019aggraver davantage la crise au sein de la Feguiboxe.<\/div>\n<div dir=\"auto\"><img loading=\"lazy\" decoding=\"async\" class=\"alignnone size-medium wp-image-2807\" src=\"https:\/\/stade28.net\/wp-content\/uploads\/2025\/01\/Messenger_creation_9799859093376724-209x300.jpeg\" alt=\"\" width=\"209\" height=\"300\" srcset=\"https:\/\/stade28.net\/wp-content\/uploads\/2025\/01\/Messenger_creation_9799859093376724-209x300.jpeg 209w, https:\/\/stade28.net\/wp-content\/uploads\/2025\/01\/Messenger_creation_9799859093376724-714x1024.jpeg 714w, https:\/\/stade28.net\/wp-content\/uploads\/2025\/01\/Messenger_creation_9799859093376724-150x215.jpeg 150w, https:\/\/stade28.net\/wp-content\/uploads\/2025\/01\/Messenger_creation_9799859093376724-300x430.jpeg 300w, https:\/\/stade28.net\/wp-content\/uploads\/2025\/01\/Messenger_creation_9799859093376724-696x998.jpeg 696w, https:\/\/stade28.net\/wp-content\/uploads\/2025\/01\/Messenger_creation_9799859093376724-293x420.jpeg 293w, https:\/\/stade28.net\/wp-content\/uploads\/2025\/01\/Messenger_creation_9799859093376724-610x875.jpeg 610w, https:\/\/stade28.net\/wp-content\/uploads\/2025\/01\/Messenger_creation_9799859093376724.jpeg 718w\" sizes=\"auto, (max-width: 209px) 100vw, 209px\" \/><\/div>\n<div dir=\"auto\"><strong>Un appel \u00e0 la neutralit\u00e9 et \u00e0 la transparence<\/strong><\/div>\n<div dir=\"auto\"><\/div>\n<div dir=\"auto\">Face \u00e0 cette situation, de nombreux acteurs appellent le ministre Bogola Haba \u00e0 rester neutre et \u00e0 \u0153uvrer pour une m\u00e9diation v\u00e9ritable. Les priorit\u00e9s devraient \u00eatre le respect des d\u00e9cisions des clubs statutaires, la transparence dans les d\u00e9marches et le r\u00e9tablissement d\u2019un cadre apais\u00e9 pour le d\u00e9veloppement de la boxe guin\u00e9enne.<\/div>\n<div dir=\"auto\"><\/div>\n<div dir=\"auto\">En conclusion, la gestion de la crise \u00e0 la Feguiboxe met en lumi\u00e8re les d\u00e9fis li\u00e9s \u00e0 la gouvernance des f\u00e9d\u00e9rations sportives nationales. Si le ministre veut r\u00e9ussir son ambition de redresser le sport guin\u00e9en, il devra adopter une posture impartiale et s\u2019appuyer sur des processus d\u00e9mocratiques pour restaurer la confiance des acteurs du milieu.<\/div>\n<div dir=\"auto\"><\/div>\n<div dir=\"auto\"><strong>Marif Youla\u00a0<\/strong><\/div>\n","protected":false},"excerpt":{"rendered":"<p>Le ministre de la Jeunesse et des Sports, Keamou Bogola Haba, a fait de la r\u00e9solution des crises dans les f\u00e9d\u00e9rations sportives nationales l\u2019une de ses priorit\u00e9s. Toutefois, la gestion actuelle de la crise au sein de la F\u00e9d\u00e9ration Guin\u00e9enne de Boxe (Feguiboxe) suscite de vives critiques. Loin de s\u2019imposer comme arbitre neutre dans ce [&hellip;]<\/p>\n","protected":false},"author":2,"featured_media":2806,"comment_status":"closed","ping_status":"closed","sticky":false,"template":"","format":"standard","meta":{"footnotes":""},"categories":[2],"tags":[],"class_list":{"0":"post-2805","1":"post","2":"type-post","3":"status-publish","4":"format-standard","5":"has-post-thumbnail","7":"category-news"},"aioseo_notices":[],"_links":{"self":[{"href":"https:\/\/stade28.net\/index.php\/wp-json\/wp\/v2\/posts\/2805","targetHints":{"allow":["GET"]}}],"collection":[{"href":"https:\/\/stade28.net\/index.php\/wp-json\/wp\/v2\/posts"}],"about":[{"href":"https:\/\/stade28.net\/index.php\/wp-json\/wp\/v2\/types\/post"}],"author":[{"embeddable":true,"href":"https:\/\/stade28.net\/index.php\/wp-json\/wp\/v2\/users\/2"}],"replies":[{"embeddable":true,"href":"https:\/\/stade28.net\/index.php\/wp-json\/wp\/v2\/comments?post=2805"}],"version-history":[{"count":0,"href":"https:\/\/stade28.net\/index.php\/wp-json\/wp\/v2\/posts\/2805\/revisions"}],"wp:featuredmedia":[{"embeddable":true,"href":"https:\/\/stade28.net\/index.php\/wp-json\/wp\/v2\/media\/2806"}],"wp:attachment":[{"href":"https:\/\/stade28.net\/index.php\/wp-json\/wp\/v2\/media?parent=2805"}],"wp:term":[{"taxonomy":"category","embeddable":true,"href":"https:\/\/stade28.net\/index.php\/wp-json\/wp\/v2\/categories?post=2805"},{"taxonomy":"post_tag","embeddable":true,"href":"https:\/\/stade28.net\/index.php\/wp-json\/wp\/v2\/tags?post=2805"}],"curies":[{"name":"wp","href":"https:\/\/api.w.org\/{rel}","templated":true}]}}