{"id":2701,"date":"2024-12-22T19:02:07","date_gmt":"2024-12-22T18:02:07","guid":{"rendered":"https:\/\/stade28.net\/?p=2701"},"modified":"2024-12-23T10:33:32","modified_gmt":"2024-12-23T09:33:32","slug":"renovation-du-stade-28-septembre-ce-quon-a-vu-nous-rassure-et-nous-donne-une-grande-satisfaction-declare-aboubacar-sampil-president-de-la-feguifoot","status":"publish","type":"post","link":"https:\/\/stade28.net\/index.php\/renovation-du-stade-28-septembre-ce-quon-a-vu-nous-rassure-et-nous-donne-une-grande-satisfaction-declare-aboubacar-sampil-president-de-la-feguifoot\/","title":{"rendered":"R\u00e9novation du Stade 28 Septembre : \u00ab Ce qu\u2019on a vu nous rassure et nous donne une grande satisfaction \u00bb, d\u00e9clare Aboubacar Sampil , pr\u00e9sident de la F\u00e9guifoot."},"content":{"rendered":"<p>Le pr\u00e9sident de la F\u00e9d\u00e9ration Guin\u00e9enne de Football (F\u00e9guifoot), Aboubacar Dinah Sampil, a effectu\u00e9 ce dimanche 22 d\u00e9cembre 2024 une visite guid\u00e9e du chantier de r\u00e9novation du Stade\u00a0 28 Septembre \u00e0 Conakry. \u00c0 l\u2019issue de cette inspection, il s\u2019est dit satisfait de l\u2019avancement des travaux de r\u00e9habilitation et d\u2019extension de cette infrastructure sportive embl\u00e9matique.<\/p>\n<p><img loading=\"lazy\" decoding=\"async\" class=\"alignnone size-medium wp-image-2703\" src=\"https:\/\/stade28.net\/wp-content\/uploads\/2024\/12\/received_3416173768689119-294x300.jpeg\" alt=\"\" width=\"294\" height=\"300\" srcset=\"https:\/\/stade28.net\/wp-content\/uploads\/2024\/12\/received_3416173768689119-294x300.jpeg 294w, https:\/\/stade28.net\/wp-content\/uploads\/2024\/12\/received_3416173768689119-150x153.jpeg 150w, https:\/\/stade28.net\/wp-content\/uploads\/2024\/12\/received_3416173768689119-300x306.jpeg 300w, https:\/\/stade28.net\/wp-content\/uploads\/2024\/12\/received_3416173768689119-696x710.jpeg 696w, https:\/\/stade28.net\/wp-content\/uploads\/2024\/12\/received_3416173768689119-412x420.jpeg 412w, https:\/\/stade28.net\/wp-content\/uploads\/2024\/12\/received_3416173768689119-356x364.jpeg 356w, https:\/\/stade28.net\/wp-content\/uploads\/2024\/12\/received_3416173768689119-610x622.jpeg 610w, https:\/\/stade28.net\/wp-content\/uploads\/2024\/12\/received_3416173768689119.jpeg 720w\" sizes=\"auto, (max-width: 294px) 100vw, 294px\" \/><\/p>\n<p>\u00ab C\u2019est une fiert\u00e9 de voir une entreprise guin\u00e9enne nous livrer un tel travail. Ce que nous avons vu nous rassure et nous donne une grande satisfaction. Si toutes les conditions sont r\u00e9unies, nous pourrions jouer \u00e0 Conakry au mois de mars contre la Somalie. Toutefois, la grande d\u00e9cision revient \u00e0 la CAF concernant l\u2019homologation du stade. Nous inviterons leurs experts en fonction de l\u2019\u00e9volution des travaux. En tout cas, nous avons confiance en l\u2019entreprise charg\u00e9e de ce projet \u00bb, a d\u00e9clar\u00e9 Aboubacar Sampil.<\/p>\n<p>Le pr\u00e9sident de la F\u00e9guifoot n\u2019\u00e9tait pas seul lors de cette visite. Il \u00e9tait accompagn\u00e9 du ministre de la Jeunesse et des Sports, Keamou Bogola Haba, qui a \u00e9galement exprim\u00e9 son souhait de voir la Guin\u00e9e jouer son prochain match sur ce stade, tout en rappelant que la d\u00e9cision finale appartient \u00e0 la CAF.<\/p>\n<p><img loading=\"lazy\" decoding=\"async\" class=\"alignnone size-medium wp-image-2704\" src=\"https:\/\/stade28.net\/wp-content\/uploads\/2024\/12\/received_3043593592457344-275x300.jpeg\" alt=\"\" width=\"275\" height=\"300\" srcset=\"https:\/\/stade28.net\/wp-content\/uploads\/2024\/12\/received_3043593592457344-275x300.jpeg 275w, https:\/\/stade28.net\/wp-content\/uploads\/2024\/12\/received_3043593592457344-150x163.jpeg 150w, https:\/\/stade28.net\/wp-content\/uploads\/2024\/12\/received_3043593592457344-300x327.jpeg 300w, https:\/\/stade28.net\/wp-content\/uploads\/2024\/12\/received_3043593592457344-696x758.jpeg 696w, https:\/\/stade28.net\/wp-content\/uploads\/2024\/12\/received_3043593592457344-386x420.jpeg 386w, https:\/\/stade28.net\/wp-content\/uploads\/2024\/12\/received_3043593592457344-610x665.jpeg 610w, https:\/\/stade28.net\/wp-content\/uploads\/2024\/12\/received_3043593592457344.jpeg 716w\" sizes=\"auto, (max-width: 275px) 100vw, 275px\" \/><\/p>\n<p>\u00ab Nous avons visit\u00e9 l\u2019ensemble du stade avec le pr\u00e9sident de la F\u00e9d\u00e9ration Guin\u00e9enne de Football. Nous avons constat\u00e9 que la partie g\u00e9nie civil est pratiquement termin\u00e9e et que la semence du gazon a bien pris. Notre souhait est de pouvoir jouer ici le 21 mars 2025, mais cela d\u00e9pendra de l\u2019homologation par la CAF, qui doit \u00eatre sollicit\u00e9e par la F\u00e9guifoot. Pour le moment, il faut rester patients, mais les travaux avancent \u00e0 grands pas \u00bb, a-t-il affirm\u00e9.<\/p>\n<p>Le Directeur Technique de Guicopress BTP, Oumar Thadiri, a quant \u00e0 lui rassur\u00e9 que son entreprise respecte le calendrier fix\u00e9 pour la livraison du stade :<\/p>\n<p><img loading=\"lazy\" decoding=\"async\" class=\"alignnone size-medium wp-image-2705\" src=\"https:\/\/stade28.net\/wp-content\/uploads\/2024\/12\/Gallery_1734889995035-236x300.jpeg\" alt=\"\" width=\"236\" height=\"300\" srcset=\"https:\/\/stade28.net\/wp-content\/uploads\/2024\/12\/Gallery_1734889995035-236x300.jpeg 236w, https:\/\/stade28.net\/wp-content\/uploads\/2024\/12\/Gallery_1734889995035-150x191.jpeg 150w, https:\/\/stade28.net\/wp-content\/uploads\/2024\/12\/Gallery_1734889995035-300x381.jpeg 300w, https:\/\/stade28.net\/wp-content\/uploads\/2024\/12\/Gallery_1734889995035-696x885.jpeg 696w, https:\/\/stade28.net\/wp-content\/uploads\/2024\/12\/Gallery_1734889995035-330x420.jpeg 330w, https:\/\/stade28.net\/wp-content\/uploads\/2024\/12\/Gallery_1734889995035-610x776.jpeg 610w, https:\/\/stade28.net\/wp-content\/uploads\/2024\/12\/Gallery_1734889995035.jpeg 718w\" sizes=\"auto, (max-width: 236px) 100vw, 236px\" \/><\/p>\n<p>\u00ab \u00c0 ce jour, les travaux de r\u00e9habilitation du Stade 28 Septembre, notamment les gros \u0153uvres de g\u00e9nie civil, sont termin\u00e9s. Tous les mat\u00e9riaux n\u00e9cessaires sont en cours de livraison. Notre objectif est de livrer le stade d\u2019ici le 21 mars 2025 \u00bb, a-t-il d\u00e9clar\u00e9.<\/p>\n<p>Avec ces progr\u00e8s, l\u2019espoir de voir la Guin\u00e9e accueillir des comp\u00e9titions internationales dans un cadre moderne et aux normes rena\u00eet. La balle est d\u00e9sormais dans le camp de la CAF pour valider ce projet ambitieux.<\/p>\n<p><strong>Marif Youla\u00a0<\/strong><\/p>\n","protected":false},"excerpt":{"rendered":"<p>Le pr\u00e9sident de la F\u00e9d\u00e9ration Guin\u00e9enne de Football (F\u00e9guifoot), Aboubacar Dinah Sampil, a effectu\u00e9 ce dimanche 22 d\u00e9cembre 2024 une visite guid\u00e9e du chantier de r\u00e9novation du Stade\u00a0 28 Septembre \u00e0 Conakry. \u00c0 l\u2019issue de cette inspection, il s\u2019est dit satisfait de l\u2019avancement des travaux de r\u00e9habilitation et d\u2019extension de cette infrastructure sportive embl\u00e9matique. \u00ab [&hellip;]<\/p>\n","protected":false},"author":2,"featured_media":2702,"comment_status":"closed","ping_status":"closed","sticky":false,"template":"","format":"standard","meta":{"footnotes":""},"categories":[2],"tags":[],"class_list":{"0":"post-2701","1":"post","2":"type-post","3":"status-publish","4":"format-standard","5":"has-post-thumbnail","7":"category-news"},"aioseo_notices":[],"_links":{"self":[{"href":"https:\/\/stade28.net\/index.php\/wp-json\/wp\/v2\/posts\/2701","targetHints":{"allow":["GET"]}}],"collection":[{"href":"https:\/\/stade28.net\/index.php\/wp-json\/wp\/v2\/posts"}],"about":[{"href":"https:\/\/stade28.net\/index.php\/wp-json\/wp\/v2\/types\/post"}],"author":[{"embeddable":true,"href":"https:\/\/stade28.net\/index.php\/wp-json\/wp\/v2\/users\/2"}],"replies":[{"embeddable":true,"href":"https:\/\/stade28.net\/index.php\/wp-json\/wp\/v2\/comments?post=2701"}],"version-history":[{"count":0,"href":"https:\/\/stade28.net\/index.php\/wp-json\/wp\/v2\/posts\/2701\/revisions"}],"wp:featuredmedia":[{"embeddable":true,"href":"https:\/\/stade28.net\/index.php\/wp-json\/wp\/v2\/media\/2702"}],"wp:attachment":[{"href":"https:\/\/stade28.net\/index.php\/wp-json\/wp\/v2\/media?parent=2701"}],"wp:term":[{"taxonomy":"category","embeddable":true,"href":"https:\/\/stade28.net\/index.php\/wp-json\/wp\/v2\/categories?post=2701"},{"taxonomy":"post_tag","embeddable":true,"href":"https:\/\/stade28.net\/index.php\/wp-json\/wp\/v2\/tags?post=2701"}],"curies":[{"name":"wp","href":"https:\/\/api.w.org\/{rel}","templated":true}]}}