{"id":2695,"date":"2024-12-21T14:51:29","date_gmt":"2024-12-21T13:51:29","guid":{"rendered":"https:\/\/stade28.net\/?p=2695"},"modified":"2024-12-21T14:51:29","modified_gmt":"2024-12-21T13:51:29","slug":"feguifoot-le-president-aboubacar-sampil-restructure-les-huit-ligues-regionales","status":"publish","type":"post","link":"https:\/\/stade28.net\/index.php\/feguifoot-le-president-aboubacar-sampil-restructure-les-huit-ligues-regionales\/","title":{"rendered":"Feguifoot : Le Pr\u00e9sident Aboubacar Sampil restructure les huit ligues r\u00e9gionales"},"content":{"rendered":"<p>Dans le cadre de la refondation de la F\u00e9d\u00e9ration Guin\u00e9enne de Football (Feguifoot), son pr\u00e9sident, Aboubacar Dinah Sampil, a proc\u00e9d\u00e9 \u00e0 la restructuration des huit (8) ligues r\u00e9gionales de football du pays.<\/p>\n<p>Ce vendredi 20 d\u00e9cembre 2024, le pr\u00e9sident de la Feguifoot a sign\u00e9 une s\u00e9rie de nominations, d\u00e9signant les pr\u00e9sidents et leurs collaborateurs pour diriger ces structures locales essentielles au d\u00e9veloppement du football guin\u00e9en.<\/p>\n<p><strong>D\u00e9couvrez ci-dessous la nouvelle composition des huit ligues r\u00e9gionales de football :<\/strong><\/p>\n<p><img loading=\"lazy\" decoding=\"async\" class=\"alignnone size-medium wp-image-2697\" src=\"https:\/\/stade28.net\/wp-content\/uploads\/2024\/12\/received_939193004451413-210x300.jpeg\" alt=\"\" width=\"210\" height=\"300\" srcset=\"https:\/\/stade28.net\/wp-content\/uploads\/2024\/12\/received_939193004451413-210x300.jpeg 210w, https:\/\/stade28.net\/wp-content\/uploads\/2024\/12\/received_939193004451413-718x1024.jpeg 718w, https:\/\/stade28.net\/wp-content\/uploads\/2024\/12\/received_939193004451413-150x214.jpeg 150w, https:\/\/stade28.net\/wp-content\/uploads\/2024\/12\/received_939193004451413-300x428.jpeg 300w, https:\/\/stade28.net\/wp-content\/uploads\/2024\/12\/received_939193004451413-696x993.jpeg 696w, https:\/\/stade28.net\/wp-content\/uploads\/2024\/12\/received_939193004451413-294x420.jpeg 294w, https:\/\/stade28.net\/wp-content\/uploads\/2024\/12\/received_939193004451413-610x870.jpeg 610w, https:\/\/stade28.net\/wp-content\/uploads\/2024\/12\/received_939193004451413.jpeg 720w\" sizes=\"auto, (max-width: 210px) 100vw, 210px\" \/><\/p>\n<p><img loading=\"lazy\" decoding=\"async\" class=\"alignnone size-medium wp-image-2698\" src=\"https:\/\/stade28.net\/wp-content\/uploads\/2024\/12\/received_1086056073009843-212x300.jpeg\" alt=\"\" width=\"212\" height=\"300\" srcset=\"https:\/\/stade28.net\/wp-content\/uploads\/2024\/12\/received_1086056073009843-212x300.jpeg 212w, https:\/\/stade28.net\/wp-content\/uploads\/2024\/12\/received_1086056073009843-150x212.jpeg 150w, https:\/\/stade28.net\/wp-content\/uploads\/2024\/12\/received_1086056073009843-300x425.jpeg 300w, https:\/\/stade28.net\/wp-content\/uploads\/2024\/12\/received_1086056073009843-696x985.jpeg 696w, https:\/\/stade28.net\/wp-content\/uploads\/2024\/12\/received_1086056073009843-297x420.jpeg 297w, https:\/\/stade28.net\/wp-content\/uploads\/2024\/12\/received_1086056073009843-610x863.jpeg 610w, https:\/\/stade28.net\/wp-content\/uploads\/2024\/12\/received_1086056073009843.jpeg 720w\" sizes=\"auto, (max-width: 212px) 100vw, 212px\" \/><\/p>\n","protected":false},"excerpt":{"rendered":"<p>Dans le cadre de la refondation de la F\u00e9d\u00e9ration Guin\u00e9enne de Football (Feguifoot), son pr\u00e9sident, Aboubacar Dinah Sampil, a proc\u00e9d\u00e9 \u00e0 la restructuration des huit (8) ligues r\u00e9gionales de football du pays. Ce vendredi 20 d\u00e9cembre 2024, le pr\u00e9sident de la Feguifoot a sign\u00e9 une s\u00e9rie de nominations, d\u00e9signant les pr\u00e9sidents et leurs collaborateurs pour [&hellip;]<\/p>\n","protected":false},"author":2,"featured_media":2696,"comment_status":"closed","ping_status":"closed","sticky":false,"template":"","format":"standard","meta":{"footnotes":""},"categories":[2],"tags":[],"class_list":{"0":"post-2695","1":"post","2":"type-post","3":"status-publish","4":"format-standard","5":"has-post-thumbnail","7":"category-news"},"aioseo_notices":[],"_links":{"self":[{"href":"https:\/\/stade28.net\/index.php\/wp-json\/wp\/v2\/posts\/2695","targetHints":{"allow":["GET"]}}],"collection":[{"href":"https:\/\/stade28.net\/index.php\/wp-json\/wp\/v2\/posts"}],"about":[{"href":"https:\/\/stade28.net\/index.php\/wp-json\/wp\/v2\/types\/post"}],"author":[{"embeddable":true,"href":"https:\/\/stade28.net\/index.php\/wp-json\/wp\/v2\/users\/2"}],"replies":[{"embeddable":true,"href":"https:\/\/stade28.net\/index.php\/wp-json\/wp\/v2\/comments?post=2695"}],"version-history":[{"count":0,"href":"https:\/\/stade28.net\/index.php\/wp-json\/wp\/v2\/posts\/2695\/revisions"}],"wp:featuredmedia":[{"embeddable":true,"href":"https:\/\/stade28.net\/index.php\/wp-json\/wp\/v2\/media\/2696"}],"wp:attachment":[{"href":"https:\/\/stade28.net\/index.php\/wp-json\/wp\/v2\/media?parent=2695"}],"wp:term":[{"taxonomy":"category","embeddable":true,"href":"https:\/\/stade28.net\/index.php\/wp-json\/wp\/v2\/categories?post=2695"},{"taxonomy":"post_tag","embeddable":true,"href":"https:\/\/stade28.net\/index.php\/wp-json\/wp\/v2\/tags?post=2695"}],"curies":[{"name":"wp","href":"https:\/\/api.w.org\/{rel}","templated":true}]}}