{"id":2669,"date":"2024-12-14T15:06:28","date_gmt":"2024-12-14T14:06:28","guid":{"rendered":"https:\/\/stade28.net\/?p=2669"},"modified":"2024-12-14T16:21:09","modified_gmt":"2024-12-14T15:21:09","slug":"karate-maitre-cheick-conde-reelu-a-la-tete-de-la-federation-guineenne","status":"publish","type":"post","link":"https:\/\/stade28.net\/index.php\/karate-maitre-cheick-conde-reelu-a-la-tete-de-la-federation-guineenne\/","title":{"rendered":"Karat\u00e9 : Ma\u00eetre Cheick Cond\u00e9 r\u00e9\u00e9lu \u00e0 la t\u00eate de la F\u00e9d\u00e9ration Guin\u00e9enne"},"content":{"rendered":"<p>Ma\u00eetre Cheick Cond\u00e9 a \u00e9t\u00e9 r\u00e9\u00e9lu pr\u00e9sident de la F\u00e9d\u00e9ration Guin\u00e9enne de Karat\u00e9 et Arts Martiaux Affinitaires (FEG-KAMA) \u00e0 l\u2019issue de l\u2019Assembl\u00e9e G\u00e9n\u00e9rale Ordinaire \u00c9lective tenue ce samedi 14 d\u00e9cembre 2024. L\u2019\u00e9v\u00e9nement s\u2019est d\u00e9roul\u00e9 dans l\u2019enceinte du Comit\u00e9 National Olympique et Sportif Guin\u00e9en (CNOSG), au stade du 28 septembre de Conakry.<\/p>\n<p>R\u00e9\u00e9lu haut la main pour un troisi\u00e8me mandat, Ma\u00eetre Cheick Cond\u00e9 continuera de pr\u00e9sider aux destin\u00e9es de la FEG-KAMA pour un mandat de quatre ans renouvelable, fort de la confiance renouvel\u00e9e des membres de la f\u00e9d\u00e9ration.<\/p>\n<p><strong>Une \u00e9lection sous le signe de l\u2019unit\u00e9<\/strong><\/p>\n<p><strong>La c\u00e9r\u00e9monie s\u2019est tenue en pr\u00e9sence de nombreuses personnalit\u00e9s, notamment :<\/strong><\/p>\n<p>\u2022 Elhadj Ben Daouda Nansoko, pr\u00e9sident du Comit\u00e9 National Olympique et Sportif Guin\u00e9en ;<br \/>\n\u2022 Elhadj Bouna Keita, pr\u00e9sident d\u2019honneur de la FEGUIKAMA ;<br \/>\n\u2022 Salifou Aly Camara, repr\u00e9sentant du Minist\u00e8re de la Jeunesse et des Sports ;<br \/>\n\u2022 ainsi que de nombreux invit\u00e9s et observateurs.<\/p>\n<p><strong>Le nouveau Bureau Ex\u00e9cutif de la FEG-KAMA<\/strong><\/p>\n<p><strong>Voici la composition du nouveau Bureau Ex\u00e9cutif \u00e9lu pour diriger la f\u00e9d\u00e9ration :<\/strong><\/p>\n<p>1. Pr\u00e9sident : Ma\u00eetre Cheick Cond\u00e9<br \/>\n2. 1er Vice-pr\u00e9sident : Namory Ke\u00efta<br \/>\n3. 2\u1d49 Vice-pr\u00e9sidente : Ke\u00efta Saran Fadima Kaba<br \/>\n4. 3\u1d49 Vice-pr\u00e9sidente : Fatoumata Mara<br \/>\n5. Secr\u00e9taire g\u00e9n\u00e9ral : Abdoulaye Boiro<br \/>\n6. Tr\u00e9sorier g\u00e9n\u00e9ral : Mamadi Ciss\u00e9<br \/>\n7. Tr\u00e9sorier adjoint : Mamadou Diallo Harma<br \/>\n8. Secr\u00e9taire charg\u00e9 de l\u2019organisation : Madina Daff<br \/>\n9. Secr\u00e9taire adjoint charg\u00e9 de l\u2019organisation : Fatoumata Bailo Diallo<br \/>\n10. Secr\u00e9taire charg\u00e9 des r\u00e8glements et de l\u2019\u00e9thique : Mamadouba Macir\u00e9 Tour\u00e9<br \/>\n11. Secr\u00e9taire charg\u00e9 du karat\u00e9 scolaire et universitaire : Daman Camara<br \/>\n12. Secr\u00e9taire adjoint charg\u00e9 du karat\u00e9 scolaire et universitaire : Pierre Cedy<br \/>\n13. Secr\u00e9taire charg\u00e9 des relations ext\u00e9rieures : Thierno Aliou Bah<br \/>\n14. Secr\u00e9taire charg\u00e9 du karat\u00e9 f\u00e9minin : Marie Diawara<br \/>\n15. Secr\u00e9taire charg\u00e9 de la communication et presse : Bobo Barry<br \/>\n16. Secr\u00e9taire charg\u00e9 du mat\u00e9riel, \u00e9quipements et infrastructures : Mohamed Ke\u00efta<br \/>\n17. Secr\u00e9taire charg\u00e9 des affaires sociales : Mamadou Sidib\u00e9<br \/>\n18. Secr\u00e9taire charg\u00e9 du karat\u00e9 militaire et paramilitaire : Abou Mengu\u00e8 Camara<br \/>\n19. Secr\u00e9taire charg\u00e9 du sponsoring et marketing : Karinka Doumbouya<br \/>\n20. Secr\u00e9taire adjoint charg\u00e9 du sponsoring et marketing : Mohamed Lamine Sacko<\/p>\n<p>Un mandat sous de grands enjeux<\/p>\n<p>Ma\u00eetre Cheick Cond\u00e9, qui entame d\u00e9sormais son troisi\u00e8me mandat, est attendu sur plusieurs fronts pour poursuivre le d\u00e9veloppement du karat\u00e9 en Guin\u00e9e, renforcer l\u2019implication des jeunes et promouvoir les comp\u00e9titions nationales et internationales.<\/p>\n<p><img loading=\"lazy\" decoding=\"async\" class=\"alignnone size-medium wp-image-2671\" src=\"https:\/\/stade28.net\/wp-content\/uploads\/2024\/12\/Messenger_creation_D8055855-3D5F-442F-BAA8-D630B7ABEBAA-300x169.jpeg\" alt=\"\" width=\"300\" height=\"169\" srcset=\"https:\/\/stade28.net\/wp-content\/uploads\/2024\/12\/Messenger_creation_D8055855-3D5F-442F-BAA8-D630B7ABEBAA-300x169.jpeg 300w, https:\/\/stade28.net\/wp-content\/uploads\/2024\/12\/Messenger_creation_D8055855-3D5F-442F-BAA8-D630B7ABEBAA-1024x576.jpeg 1024w, https:\/\/stade28.net\/wp-content\/uploads\/2024\/12\/Messenger_creation_D8055855-3D5F-442F-BAA8-D630B7ABEBAA-768x432.jpeg 768w, https:\/\/stade28.net\/wp-content\/uploads\/2024\/12\/Messenger_creation_D8055855-3D5F-442F-BAA8-D630B7ABEBAA-1536x864.jpeg 1536w, https:\/\/stade28.net\/wp-content\/uploads\/2024\/12\/Messenger_creation_D8055855-3D5F-442F-BAA8-D630B7ABEBAA-150x84.jpeg 150w, https:\/\/stade28.net\/wp-content\/uploads\/2024\/12\/Messenger_creation_D8055855-3D5F-442F-BAA8-D630B7ABEBAA-696x392.jpeg 696w, https:\/\/stade28.net\/wp-content\/uploads\/2024\/12\/Messenger_creation_D8055855-3D5F-442F-BAA8-D630B7ABEBAA-1068x601.jpeg 1068w, https:\/\/stade28.net\/wp-content\/uploads\/2024\/12\/Messenger_creation_D8055855-3D5F-442F-BAA8-D630B7ABEBAA-1920x1080.jpeg 1920w, https:\/\/stade28.net\/wp-content\/uploads\/2024\/12\/Messenger_creation_D8055855-3D5F-442F-BAA8-D630B7ABEBAA-747x420.jpeg 747w, https:\/\/stade28.net\/wp-content\/uploads\/2024\/12\/Messenger_creation_D8055855-3D5F-442F-BAA8-D630B7ABEBAA-610x343.jpeg 610w, https:\/\/stade28.net\/wp-content\/uploads\/2024\/12\/Messenger_creation_D8055855-3D5F-442F-BAA8-D630B7ABEBAA.jpeg 2016w\" sizes=\"auto, (max-width: 300px) 100vw, 300px\" \/>F\u00e9licitations au pr\u00e9sident et \u00e0 son \u00e9quipe pour cette nouvelle \u00e9tape au service du karat\u00e9 guin\u00e9en.<\/p>\n<p><strong>Marif Youla\u00a0<\/strong><\/p>\n","protected":false},"excerpt":{"rendered":"<p>Ma\u00eetre Cheick Cond\u00e9 a \u00e9t\u00e9 r\u00e9\u00e9lu pr\u00e9sident de la F\u00e9d\u00e9ration Guin\u00e9enne de Karat\u00e9 et Arts Martiaux Affinitaires (FEG-KAMA) \u00e0 l\u2019issue de l\u2019Assembl\u00e9e G\u00e9n\u00e9rale Ordinaire \u00c9lective tenue ce samedi 14 d\u00e9cembre 2024. L\u2019\u00e9v\u00e9nement s\u2019est d\u00e9roul\u00e9 dans l\u2019enceinte du Comit\u00e9 National Olympique et Sportif Guin\u00e9en (CNOSG), au stade du 28 septembre de Conakry. R\u00e9\u00e9lu haut la main [&hellip;]<\/p>\n","protected":false},"author":2,"featured_media":2673,"comment_status":"closed","ping_status":"closed","sticky":false,"template":"","format":"standard","meta":{"footnotes":""},"categories":[2],"tags":[],"class_list":{"0":"post-2669","1":"post","2":"type-post","3":"status-publish","4":"format-standard","5":"has-post-thumbnail","7":"category-news"},"aioseo_notices":[],"_links":{"self":[{"href":"https:\/\/stade28.net\/index.php\/wp-json\/wp\/v2\/posts\/2669","targetHints":{"allow":["GET"]}}],"collection":[{"href":"https:\/\/stade28.net\/index.php\/wp-json\/wp\/v2\/posts"}],"about":[{"href":"https:\/\/stade28.net\/index.php\/wp-json\/wp\/v2\/types\/post"}],"author":[{"embeddable":true,"href":"https:\/\/stade28.net\/index.php\/wp-json\/wp\/v2\/users\/2"}],"replies":[{"embeddable":true,"href":"https:\/\/stade28.net\/index.php\/wp-json\/wp\/v2\/comments?post=2669"}],"version-history":[{"count":0,"href":"https:\/\/stade28.net\/index.php\/wp-json\/wp\/v2\/posts\/2669\/revisions"}],"wp:featuredmedia":[{"embeddable":true,"href":"https:\/\/stade28.net\/index.php\/wp-json\/wp\/v2\/media\/2673"}],"wp:attachment":[{"href":"https:\/\/stade28.net\/index.php\/wp-json\/wp\/v2\/media?parent=2669"}],"wp:term":[{"taxonomy":"category","embeddable":true,"href":"https:\/\/stade28.net\/index.php\/wp-json\/wp\/v2\/categories?post=2669"},{"taxonomy":"post_tag","embeddable":true,"href":"https:\/\/stade28.net\/index.php\/wp-json\/wp\/v2\/tags?post=2669"}],"curies":[{"name":"wp","href":"https:\/\/api.w.org\/{rel}","templated":true}]}}