{"id":2660,"date":"2024-12-13T17:19:34","date_gmt":"2024-12-13T16:19:34","guid":{"rendered":"https:\/\/stade28.net\/?p=2660"},"modified":"2024-12-13T17:22:44","modified_gmt":"2024-12-13T16:22:44","slug":"demarrage-du-championnat-de-ligue-1-2024-2025-lucien-guilao-president-de-la-lgfp-si-des-clubs-ne-jouent-pas-il-faudra-constater-le-forfait-et-si-les-forfaits-se-multiplient-on-constate","status":"publish","type":"post","link":"https:\/\/stade28.net\/index.php\/demarrage-du-championnat-de-ligue-1-2024-2025-lucien-guilao-president-de-la-lgfp-si-des-clubs-ne-jouent-pas-il-faudra-constater-le-forfait-et-si-les-forfaits-se-multiplient-on-constate\/","title":{"rendered":"D\u00e9marrage du Championnat de Ligue 1 2024-2025 \/Lucien Guilao, pr\u00e9sident de la LGFP : \u201cSi des clubs ne jouent pas, il faudra constater le forfait, et si les forfaits se multiplient, on constatera une saison blanche\u201d"},"content":{"rendered":"<p>Le pr\u00e9sident de la Ligue Guin\u00e9enne de Football Professionnel (LGFP), Lucien Beindou Guilao, en compagnie de secr\u00e9taire administratif (Ousmane Barry) s\u2019est adress\u00e9 \u00e0 la presse ce vendredi 13 d\u00e9cembre 2024 pour annoncer le lancement imminent de la saison sportive 2024-2025, malgr\u00e9 la menace de boycott de certains clubs.<\/p>\n<p><strong>Un lancement sous tension<\/strong><\/p>\n<p><img loading=\"lazy\" decoding=\"async\" class=\"alignnone size-medium wp-image-2662\" src=\"https:\/\/stade28.net\/wp-content\/uploads\/2024\/12\/received_887936479815864-300x169.jpeg\" alt=\"\" width=\"300\" height=\"169\" srcset=\"https:\/\/stade28.net\/wp-content\/uploads\/2024\/12\/received_887936479815864-300x169.jpeg 300w, https:\/\/stade28.net\/wp-content\/uploads\/2024\/12\/received_887936479815864-1024x576.jpeg 1024w, https:\/\/stade28.net\/wp-content\/uploads\/2024\/12\/received_887936479815864-768x432.jpeg 768w, https:\/\/stade28.net\/wp-content\/uploads\/2024\/12\/received_887936479815864-1536x864.jpeg 1536w, https:\/\/stade28.net\/wp-content\/uploads\/2024\/12\/received_887936479815864-150x84.jpeg 150w, https:\/\/stade28.net\/wp-content\/uploads\/2024\/12\/received_887936479815864-696x392.jpeg 696w, https:\/\/stade28.net\/wp-content\/uploads\/2024\/12\/received_887936479815864-1068x601.jpeg 1068w, https:\/\/stade28.net\/wp-content\/uploads\/2024\/12\/received_887936479815864-1920x1080.jpeg 1920w, https:\/\/stade28.net\/wp-content\/uploads\/2024\/12\/received_887936479815864-747x420.jpeg 747w, https:\/\/stade28.net\/wp-content\/uploads\/2024\/12\/received_887936479815864-610x343.jpeg 610w, https:\/\/stade28.net\/wp-content\/uploads\/2024\/12\/received_887936479815864.jpeg 2016w\" sizes=\"auto, (max-width: 300px) 100vw, 300px\" \/>D\u00e8s l\u2019entame de son intervention, Lucien Guilao a insist\u00e9 sur la n\u00e9cessit\u00e9 de d\u00e9marrer le championnat, malgr\u00e9 les incertitudes :<\/p>\n<p>\u201cIl faut qu\u2019on joue. Nos jeunes ont besoin de comp\u00e9tition, surtout avec le CHAN qui approche. Nous sommes en retard par rapport au calendrier. En juin, nous devons soumettre \u00e0 la CAF les noms des clubs qui repr\u00e9senteront notre pays dans les comp\u00e9titions interclubs. Pour cela, il est imp\u00e9ratif de commencer maintenant.\u201d<\/p>\n<p>Il a \u00e9galement confirm\u00e9 que le lancement du championnat se fera \u00e0 Kankan, avec la remise du troph\u00e9e de champion au Milo FC, accompagn\u00e9 d\u2019un ch\u00e8que symbolique : \u201cLe ch\u00e8que en bois sera pay\u00e9 plus tard.\u201d<\/p>\n<p><strong>Face \u00e0 la menace de boycott, il a rappel\u00e9 les cons\u00e9quences pr\u00e9vues par le r\u00e8glement<\/strong> :<\/p>\n<p><img loading=\"lazy\" decoding=\"async\" class=\"alignnone size-medium wp-image-2663\" src=\"https:\/\/stade28.net\/wp-content\/uploads\/2024\/12\/received_1576454350420030-300x233.jpeg\" alt=\"\" width=\"300\" height=\"233\" srcset=\"https:\/\/stade28.net\/wp-content\/uploads\/2024\/12\/received_1576454350420030-300x233.jpeg 300w, https:\/\/stade28.net\/wp-content\/uploads\/2024\/12\/received_1576454350420030-1024x794.jpeg 1024w, https:\/\/stade28.net\/wp-content\/uploads\/2024\/12\/received_1576454350420030-768x595.jpeg 768w, https:\/\/stade28.net\/wp-content\/uploads\/2024\/12\/received_1576454350420030-1536x1191.jpeg 1536w, https:\/\/stade28.net\/wp-content\/uploads\/2024\/12\/received_1576454350420030-150x116.jpeg 150w, https:\/\/stade28.net\/wp-content\/uploads\/2024\/12\/received_1576454350420030-696x540.jpeg 696w, https:\/\/stade28.net\/wp-content\/uploads\/2024\/12\/received_1576454350420030-1068x828.jpeg 1068w, https:\/\/stade28.net\/wp-content\/uploads\/2024\/12\/received_1576454350420030-542x420.jpeg 542w, https:\/\/stade28.net\/wp-content\/uploads\/2024\/12\/received_1576454350420030-610x473.jpeg 610w, https:\/\/stade28.net\/wp-content\/uploads\/2024\/12\/received_1576454350420030.jpeg 1829w\" sizes=\"auto, (max-width: 300px) 100vw, 300px\" \/><br \/>\n\u201cSi des clubs ne jouent pas, il faudra constater le forfait. Et si les forfaits se multiplient, il faudra acter une saison blanche. Mais tout cela doit se faire dans le strict respect des r\u00e8glements.\u201d<\/p>\n<p><strong>La question des subventions : un point de crispation<\/strong><\/p>\n<p>Interrog\u00e9 sur le blocage li\u00e9 aux subventions, Lucien Guilao a tenu \u00e0 rassurer sur les efforts de la LGFP pour soutenir les clubs :<br \/>\n\u201cNous travaillons avec les clubs et pour eux, ce sont nos partenaires. Depuis la saison derni\u00e8re, nous avons mobilis\u00e9 500 millions GNF gr\u00e2ce aux droits TV. De ce montant, 84 %, soit 420 millions GNF, ont \u00e9t\u00e9 revers\u00e9s aux clubs. En plus, la Coupe de la Ligue a \u00e9t\u00e9 organis\u00e9e pour les accompagner davantage. Cela montre notre volont\u00e9 d\u2019aider les clubs.\u201d<\/p>\n<p><strong>Il a appel\u00e9 les clubs au dialogue et \u00e0 l\u2019apaisement :<\/strong><br \/>\n\u201cNous ne sommes pas dans une logique de conflit. Nous leur demandons humblement d\u2019accepter les montants propos\u00e9s, car nous continuons \u00e0 chercher des financements pour augmenter les subventions. Mais en attendant, il faut jouer.\u201d<\/p>\n<p><strong>Un d\u00e9marrage attendu<\/strong><\/p>\n<p>\u00c0 l\u2019issue de cette d\u00e9claration, le doute plane encore sur la tenue des matchs programm\u00e9s pour la premi\u00e8re journ\u00e9e. Les prochains jours seront d\u00e9terminants pour savoir si les clubs respecteront les d\u00e9cisions de la LGFP ou persisteront dans leur position de boycott.<\/p>\n<p>Affaire \u00e0 suivre.<\/p>\n<p><strong>Marif Youla pour stade28.net\u00a0<\/strong><\/p>\n","protected":false},"excerpt":{"rendered":"<p>Le pr\u00e9sident de la Ligue Guin\u00e9enne de Football Professionnel (LGFP), Lucien Beindou Guilao, en compagnie de secr\u00e9taire administratif (Ousmane Barry) s\u2019est adress\u00e9 \u00e0 la presse ce vendredi 13 d\u00e9cembre 2024 pour annoncer le lancement imminent de la saison sportive 2024-2025, malgr\u00e9 la menace de boycott de certains clubs. Un lancement sous tension D\u00e8s l\u2019entame de [&hellip;]<\/p>\n","protected":false},"author":2,"featured_media":2661,"comment_status":"closed","ping_status":"closed","sticky":false,"template":"","format":"standard","meta":{"footnotes":""},"categories":[2],"tags":[],"class_list":{"0":"post-2660","1":"post","2":"type-post","3":"status-publish","4":"format-standard","5":"has-post-thumbnail","7":"category-news"},"aioseo_notices":[],"_links":{"self":[{"href":"https:\/\/stade28.net\/index.php\/wp-json\/wp\/v2\/posts\/2660","targetHints":{"allow":["GET"]}}],"collection":[{"href":"https:\/\/stade28.net\/index.php\/wp-json\/wp\/v2\/posts"}],"about":[{"href":"https:\/\/stade28.net\/index.php\/wp-json\/wp\/v2\/types\/post"}],"author":[{"embeddable":true,"href":"https:\/\/stade28.net\/index.php\/wp-json\/wp\/v2\/users\/2"}],"replies":[{"embeddable":true,"href":"https:\/\/stade28.net\/index.php\/wp-json\/wp\/v2\/comments?post=2660"}],"version-history":[{"count":0,"href":"https:\/\/stade28.net\/index.php\/wp-json\/wp\/v2\/posts\/2660\/revisions"}],"wp:featuredmedia":[{"embeddable":true,"href":"https:\/\/stade28.net\/index.php\/wp-json\/wp\/v2\/media\/2661"}],"wp:attachment":[{"href":"https:\/\/stade28.net\/index.php\/wp-json\/wp\/v2\/media?parent=2660"}],"wp:term":[{"taxonomy":"category","embeddable":true,"href":"https:\/\/stade28.net\/index.php\/wp-json\/wp\/v2\/categories?post=2660"},{"taxonomy":"post_tag","embeddable":true,"href":"https:\/\/stade28.net\/index.php\/wp-json\/wp\/v2\/tags?post=2660"}],"curies":[{"name":"wp","href":"https:\/\/api.w.org\/{rel}","templated":true}]}}