{"id":2638,"date":"2024-12-07T20:11:46","date_gmt":"2024-12-07T19:11:46","guid":{"rendered":"https:\/\/stade28.net\/?p=2638"},"modified":"2024-12-07T20:11:46","modified_gmt":"2024-12-07T19:11:46","slug":"eliminatoires-chan-2025-souleymane-camara-abedi-devoile-sa-liste-pour-la-double-confrontation-contre-la-guinee-bissau","status":"publish","type":"post","link":"https:\/\/stade28.net\/index.php\/eliminatoires-chan-2025-souleymane-camara-abedi-devoile-sa-liste-pour-la-double-confrontation-contre-la-guinee-bissau\/","title":{"rendered":"\u00c9liminatoires CHAN 2025 : Souleymane Camara \u201cAbedi\u201d d\u00e9voile sa liste pour la double confrontation contre la Guin\u00e9e-Bissau"},"content":{"rendered":"<p>Le s\u00e9lectionneur du Syli local, Souleymane Camara \u201cAbedi\u201d, a publi\u00e9 ce samedi 7 d\u00e9cembre 2024 la liste des 23 joueurs convoqu\u00e9s pour la double confrontation contre la Guin\u00e9e-Bissau dans le cadre des \u00e9liminatoires du Championnat d\u2019Afrique des Nations (CHAN 2025), une comp\u00e9tition r\u00e9serv\u00e9e exclusivement aux joueurs \u00e9voluant sur le continent africain.<\/p>\n<p>La liste a \u00e9t\u00e9 d\u00e9voil\u00e9e sur la page officielle de la F\u00e9d\u00e9ration Guin\u00e9enne de Football (F\u00e9guifoot) et suscite d\u00e9j\u00e0 beaucoup d\u2019attentes de la part des supporters du Syli local. Ces deux rencontres s\u2019annoncent cruciales pour la qualification au CHAN 2025, une comp\u00e9tition o\u00f9 la Guin\u00e9e esp\u00e8re briller.<\/p>\n<p><strong>Les dates et lieux des matchs<\/strong><\/p>\n<p>\u2022 Match aller : le 20 d\u00e9cembre 2024 au stade F\u00e9lix Houphou\u00ebt-Boigny d\u2019Abidjan.<br \/>\n\u2022 Match retour : le 28 d\u00e9cembre 2024 au stade du 24 Septembre de Bissau.<\/p>\n<p><strong>Les 23 joueurs convoqu\u00e9s<\/strong><\/p>\n<p><img loading=\"lazy\" decoding=\"async\" class=\"alignnone size-medium wp-image-2640\" src=\"https:\/\/stade28.net\/wp-content\/uploads\/2024\/12\/FB_IMG_1733598336006-240x300.jpg\" alt=\"\" width=\"240\" height=\"300\" srcset=\"https:\/\/stade28.net\/wp-content\/uploads\/2024\/12\/FB_IMG_1733598336006-240x300.jpg 240w, https:\/\/stade28.net\/wp-content\/uploads\/2024\/12\/FB_IMG_1733598336006-150x188.jpg 150w, https:\/\/stade28.net\/wp-content\/uploads\/2024\/12\/FB_IMG_1733598336006-300x375.jpg 300w, https:\/\/stade28.net\/wp-content\/uploads\/2024\/12\/FB_IMG_1733598336006-696x870.jpg 696w, https:\/\/stade28.net\/wp-content\/uploads\/2024\/12\/FB_IMG_1733598336006-336x420.jpg 336w, https:\/\/stade28.net\/wp-content\/uploads\/2024\/12\/FB_IMG_1733598336006-610x763.jpg 610w, https:\/\/stade28.net\/wp-content\/uploads\/2024\/12\/FB_IMG_1733598336006.jpg 720w\" sizes=\"auto, (max-width: 240px) 100vw, 240px\" \/><\/p>\n<p>Cette liste, compos\u00e9e de joueurs talentueux issus du championnat national, refl\u00e8te l\u2019ambition de Souleymane Camara de b\u00e2tir une \u00e9quipe comp\u00e9titive capable de surmonter l\u2019obstacle repr\u00e9sent\u00e9 par les Djurtus locaux de la Guin\u00e9e-Bissau.<\/p>\n<p>Les yeux sont d\u00e9sormais riv\u00e9s sur le Syli local, qui cherchera \u00e0 d\u00e9crocher une place dans la phase finale du CHAN 2025. Cette double confrontation sera l\u2019occasion de mesurer la capacit\u00e9 de l\u2019\u00e9quipe \u00e0 rivaliser \u00e0 un haut niveau.<\/p>\n<p><strong>Marif Youla\u00a0<\/strong><\/p>\n","protected":false},"excerpt":{"rendered":"<p>Le s\u00e9lectionneur du Syli local, Souleymane Camara \u201cAbedi\u201d, a publi\u00e9 ce samedi 7 d\u00e9cembre 2024 la liste des 23 joueurs convoqu\u00e9s pour la double confrontation contre la Guin\u00e9e-Bissau dans le cadre des \u00e9liminatoires du Championnat d\u2019Afrique des Nations (CHAN 2025), une comp\u00e9tition r\u00e9serv\u00e9e exclusivement aux joueurs \u00e9voluant sur le continent africain. La liste a \u00e9t\u00e9 [&hellip;]<\/p>\n","protected":false},"author":2,"featured_media":2639,"comment_status":"closed","ping_status":"closed","sticky":false,"template":"","format":"standard","meta":{"footnotes":""},"categories":[2],"tags":[],"class_list":{"0":"post-2638","1":"post","2":"type-post","3":"status-publish","4":"format-standard","5":"has-post-thumbnail","7":"category-news"},"aioseo_notices":[],"_links":{"self":[{"href":"https:\/\/stade28.net\/index.php\/wp-json\/wp\/v2\/posts\/2638","targetHints":{"allow":["GET"]}}],"collection":[{"href":"https:\/\/stade28.net\/index.php\/wp-json\/wp\/v2\/posts"}],"about":[{"href":"https:\/\/stade28.net\/index.php\/wp-json\/wp\/v2\/types\/post"}],"author":[{"embeddable":true,"href":"https:\/\/stade28.net\/index.php\/wp-json\/wp\/v2\/users\/2"}],"replies":[{"embeddable":true,"href":"https:\/\/stade28.net\/index.php\/wp-json\/wp\/v2\/comments?post=2638"}],"version-history":[{"count":0,"href":"https:\/\/stade28.net\/index.php\/wp-json\/wp\/v2\/posts\/2638\/revisions"}],"wp:featuredmedia":[{"embeddable":true,"href":"https:\/\/stade28.net\/index.php\/wp-json\/wp\/v2\/media\/2639"}],"wp:attachment":[{"href":"https:\/\/stade28.net\/index.php\/wp-json\/wp\/v2\/media?parent=2638"}],"wp:term":[{"taxonomy":"category","embeddable":true,"href":"https:\/\/stade28.net\/index.php\/wp-json\/wp\/v2\/categories?post=2638"},{"taxonomy":"post_tag","embeddable":true,"href":"https:\/\/stade28.net\/index.php\/wp-json\/wp\/v2\/tags?post=2638"}],"curies":[{"name":"wp","href":"https:\/\/api.w.org\/{rel}","templated":true}]}}