{"id":2588,"date":"2024-12-04T18:19:00","date_gmt":"2024-12-04T17:19:00","guid":{"rendered":"https:\/\/stade28.net\/?p=2588"},"modified":"2024-12-04T19:14:59","modified_gmt":"2024-12-04T18:14:59","slug":"crise-a-la-feguiboxe-le-president-destitue-un-nouveau-bureau-executif-elu-par-les-clubs-membres-statutaires","status":"publish","type":"post","link":"https:\/\/stade28.net\/index.php\/crise-a-la-feguiboxe-le-president-destitue-un-nouveau-bureau-executif-elu-par-les-clubs-membres-statutaires\/","title":{"rendered":"Crise \u00e0 la F\u00e9guiboxe : Le pr\u00e9sident destitu\u00e9, un nouveau bureau ex\u00e9cutif \u00ab\u00a0\u00e9lu\u00a0\u00bb par les clubs membres statutaires"},"content":{"rendered":"<div dir=\"auto\">Une crise majeure secoue la F\u00e9d\u00e9ration guin\u00e9enne de boxe (F\u00e9guiboxe). Selon des documents en notre possession, un nouveau bureau ex\u00e9cutif int\u00e9rimaire a \u00e9t\u00e9 mis en place par 12 des 14 clubs membres statutaires de la boxe guin\u00e9enne. Cette d\u00e9cision marque une rupture profonde avec l\u2019ancien pr\u00e9sident, Amadou Alpha Balad\u00e9, destitu\u00e9 pour une s\u00e9rie d\u2019accusations graves.<\/div>\n<div dir=\"auto\"><\/div>\n<div dir=\"auto\"><strong>Les raisons de la destitution<\/strong><\/div>\n<div dir=\"auto\"><\/div>\n<div dir=\"auto\">Les frondeurs reprochent \u00e0 Amadou Alpha Balad\u00e9, ancien pr\u00e9sident de la F\u00e9guiboxe, plusieurs manquements, notamment :<\/div>\n<div dir=\"auto\">\u2022 Mauvaise gouvernance ;<\/div>\n<div dir=\"auto\">\u2022 Non-respect des statuts de l\u2019Association des F\u00e9d\u00e9rations Africaines de Boxe (AFBC) ;<\/div>\n<div dir=\"auto\">\u2022 Participation fictive \u00e0 des comp\u00e9titions ;<\/div>\n<div dir=\"auto\">\u2022 Gestion unilat\u00e9rale des affaires de la f\u00e9d\u00e9ration ;<\/div>\n<div dir=\"auto\">\u2022 Ing\u00e9rence familiale dans la gestion administrative ;<\/div>\n<div dir=\"auto\">\u2022 D\u00e9tournement des primes des athl\u00e8tes.<\/div>\n<div dir=\"auto\"><\/div>\n<div dir=\"auto\">Face \u00e0 ces all\u00e9gations, les 12 clubs membres statutaires ont sign\u00e9 une d\u00e9claration demandant la d\u00e9mission de l\u2019ancien pr\u00e9sident.<\/div>\n<div dir=\"auto\"><\/div>\n<div dir=\"auto\"><strong>Sanctions disciplinaires au niveau africain<\/strong><\/div>\n<div dir=\"auto\"><\/div>\n<div dir=\"auto\">D\u2019apr\u00e8s les documents consult\u00e9s, Amadou Alpha Balad\u00e9 a \u00e9galement \u00e9t\u00e9 sanctionn\u00e9 par la commission disciplinaire de l\u2019AFBC le 7 juin 2024. Cette instance lui a inflig\u00e9 une suspension de trois ans de toute activit\u00e9 li\u00e9e \u00e0 la boxe, assortie d\u2019une amende de 15 000 francs suisses pour \u201ccomportement antisportif\u201d. Cette sanction, selon les frondeurs, t\u00e9moigne d\u2019un dysfonctionnement dans la gouvernance de la f\u00e9d\u00e9ration.<\/div>\n<div dir=\"auto\"><\/div>\n<div dir=\"auto\"><strong>Composition du nouveau bureau ex\u00e9cutif<\/strong><\/div>\n<div dir=\"auto\"><\/div>\n<div dir=\"auto\"><strong>Voici la composition du nouveau bureau ex\u00e9cutif int\u00e9rimaire \u00ab\u00a0\u00e9lu\u00a0\u00bb par les clubs membres statutaires de la Feguiboxe :<\/strong><\/div>\n<div dir=\"auto\"><\/div>\n<div dir=\"auto\">1. Pr\u00e9sident : Boubacar Biro Barry<\/div>\n<div dir=\"auto\">2. 1er vice-pr\u00e9sident (d\u00e9l\u00e9gu\u00e9 \u00e0 l\u2019organisation et au d\u00e9veloppement de la boxe) : Colonel Mohamed Lamine Sanoh<\/div>\n<div dir=\"auto\">3. 2\u00e8me vice-pr\u00e9sidente (d\u00e9l\u00e9gu\u00e9e \u00e0 la boxe f\u00e9minine et charg\u00e9e des relations avec les institutions militaires et paramilitaires) : Colonel Marie Th\u00e9r\u00e8se Haba<\/div>\n<div dir=\"auto\">4. Secr\u00e9taire g\u00e9n\u00e9ral : Amadou Tanta Diallo<\/div>\n<div dir=\"auto\">5. Charg\u00e9 de communication et porte-parole : Naby Laye Moussa Soumah<\/div>\n<div dir=\"auto\">6. Tr\u00e9sorier : Mamadou Diallo<\/div>\n<div dir=\"auto\">7. Charg\u00e9 des comp\u00e9titions : Mohamed Lamine Kourouma<\/div>\n<div dir=\"auto\">8. Charg\u00e9 du marketing : Yakhouba Camara<\/div>\n<div dir=\"auto\">9. Charg\u00e9 de la boxe scolaire et universitaire : Aboubacar Camara<\/div>\n<div dir=\"auto\">10. Charg\u00e9 de la formation : Salifou Koulibaly<\/div>\n<div dir=\"auto\">11. Charg\u00e9 de la boxe professionnelle : Pac\u00f4me Bamba<\/div>\n<div dir=\"auto\">12. Charg\u00e9 de la r\u00e9glementation et des p\u00e9nalit\u00e9s : Djibril Diallo<\/div>\n<div dir=\"auto\">13. Charg\u00e9 du mat\u00e9riel et des \u00e9quipements : Alseny Camara<\/div>\n<div dir=\"auto\"><\/div>\n<div dir=\"auto\"><strong>Un avenir incertain<\/strong><\/div>\n<div dir=\"auto\"><\/div>\n<div dir=\"auto\">Cette situation refl\u00e8te une profonde division au sein de la boxe guin\u00e9enne. Tandis que ce nouveau bureau prend ses fonctions, il reste \u00e0 voir si cette restructuration sera reconnue par les autorit\u00e9s sportives nationales et internationales. Une crise \u00e0 suivre de pr\u00e8s.<\/div>\n<div dir=\"auto\"><\/div>\n<div dir=\"auto\"><strong>Marif Youla\u00a0<\/strong><\/div>\n","protected":false},"excerpt":{"rendered":"<p>Une crise majeure secoue la F\u00e9d\u00e9ration guin\u00e9enne de boxe (F\u00e9guiboxe). Selon des documents en notre possession, un nouveau bureau ex\u00e9cutif int\u00e9rimaire a \u00e9t\u00e9 mis en place par 12 des 14 clubs membres statutaires de la boxe guin\u00e9enne. Cette d\u00e9cision marque une rupture profonde avec l\u2019ancien pr\u00e9sident, Amadou Alpha Balad\u00e9, destitu\u00e9 pour une s\u00e9rie d\u2019accusations graves. [&hellip;]<\/p>\n","protected":false},"author":2,"featured_media":2589,"comment_status":"closed","ping_status":"closed","sticky":false,"template":"","format":"standard","meta":{"footnotes":""},"categories":[2],"tags":[],"class_list":{"0":"post-2588","1":"post","2":"type-post","3":"status-publish","4":"format-standard","5":"has-post-thumbnail","7":"category-news"},"aioseo_notices":[],"_links":{"self":[{"href":"https:\/\/stade28.net\/index.php\/wp-json\/wp\/v2\/posts\/2588","targetHints":{"allow":["GET"]}}],"collection":[{"href":"https:\/\/stade28.net\/index.php\/wp-json\/wp\/v2\/posts"}],"about":[{"href":"https:\/\/stade28.net\/index.php\/wp-json\/wp\/v2\/types\/post"}],"author":[{"embeddable":true,"href":"https:\/\/stade28.net\/index.php\/wp-json\/wp\/v2\/users\/2"}],"replies":[{"embeddable":true,"href":"https:\/\/stade28.net\/index.php\/wp-json\/wp\/v2\/comments?post=2588"}],"version-history":[{"count":0,"href":"https:\/\/stade28.net\/index.php\/wp-json\/wp\/v2\/posts\/2588\/revisions"}],"wp:featuredmedia":[{"embeddable":true,"href":"https:\/\/stade28.net\/index.php\/wp-json\/wp\/v2\/media\/2589"}],"wp:attachment":[{"href":"https:\/\/stade28.net\/index.php\/wp-json\/wp\/v2\/media?parent=2588"}],"wp:term":[{"taxonomy":"category","embeddable":true,"href":"https:\/\/stade28.net\/index.php\/wp-json\/wp\/v2\/categories?post=2588"},{"taxonomy":"post_tag","embeddable":true,"href":"https:\/\/stade28.net\/index.php\/wp-json\/wp\/v2\/tags?post=2588"}],"curies":[{"name":"wp","href":"https:\/\/api.w.org\/{rel}","templated":true}]}}