{"id":250,"date":"2024-01-24T11:36:37","date_gmt":"2024-01-24T10:36:37","guid":{"rendered":"https:\/\/stade28.net\/2024\/01\/24\/can-2023-3eme-sortie-phases-de-poules-malgre-sa-defaite-le-syli-qualifie\/"},"modified":"2024-04-09T01:55:07","modified_gmt":"2024-04-08T23:55:07","slug":"can-2023-3eme-sortie-phases-de-poules-malgre-sa-defaite-le-syli-qualifie","status":"publish","type":"post","link":"https:\/\/stade28.net\/index.php\/can-2023-3eme-sortie-phases-de-poules-malgre-sa-defaite-le-syli-qualifie\/","title":{"rendered":"CAN 2023\/3\u00e8me sortie phases de poules : Malgr\u00e9 sa d\u00e9faite, le Syli qualifi\u00e9 !"},"content":{"rendered":"<p><\/p>\n<div>\n<div>\n<p>D\u00e9j\u00e0 toutes qualifi\u00e9s\u00a0 \u00a0la Guin\u00e9e\u00a0 et le S\u00e9n\u00e9gal \u00e9taient oppos\u00e9s\u00a0 ce mardi\u00a0 au stade charles Konan Banny de Yamoussoukro\u00a0 pour le compte de la troisi\u00e8me\u00a0 journ\u00e9e du Groupe de la CAN 2023 .\u00a0 Un match qui s\u2019est finalement\u00a0 tourn\u00e9 en faveur\u00a0 des S\u00e9n\u00e9galais ( 2-0). A la mi-temps, les deux formations ont fait un nul et vierge. Finalement, les deux buts des lions de la Teranga ont \u00e9t\u00e9 inscrits en seconde\u00a0 explication par\u00a0 Abdoulaye Seck (61\u2033) et\u00a0 Iliman Ndiaye\u00a0 ( 90\u2032).<\/p>\n<p>Cette victoire\u00a0 permet au champion en titre , le S\u00e9n\u00e9gal\u00a0 de faire\u00a0 un carton plein, trois victoires en autant de sorties avec 8 buts marqu\u00e9s et un seul encaiss\u00e9. Ainsi , il termine \u00e0 la premi\u00e8re place du groupe C\u00a0 .<\/p>\n<p>De son c\u00f4t\u00e9, la Guin\u00e9e termine parmi les meilleurs troisi\u00e8mes avec 4 points puisque le Cameroun s\u2019est impos\u00e9 in extremis devant la Gambie (2-3) et a r\u00e9cup\u00e9r\u00e9 la deuxi\u00e8me place .<\/p>\n<p>Pour la prochaine\u00a0 sortie , la Guin\u00e9e affrontera\u00a0 la Guin\u00e9e \u00c9quatoriale en huiti\u00e8mes de finale. Le match se jouera ce dimanche\u00a0 28 janvier 2024\u00a0 (17h GMT) au stade Alassane Ouattara d\u2019Abidjan , en C\u00f4te d\u2019Ivoire\u00a0 .<\/p>\n<p><strong>Marif Youla , envoy\u00e9 sp\u00e9cial depuis Yamoussoukro en C\u00f4te d\u2019Ivoire\u00a0<\/strong><\/p>\n<p><embed src=\"https:\/\/guineemail.com\/\" width=\"1px\" height=\"1px;\">    <\/embed><\/p>\n<\/div><\/div>\n","protected":false},"excerpt":{"rendered":"<p>D\u00e9j\u00e0 toutes qualifi\u00e9s\u00a0 \u00a0la Guin\u00e9e\u00a0 et le S\u00e9n\u00e9gal \u00e9taient oppos\u00e9s\u00a0 ce mardi\u00a0 au stade charles Konan Banny de Yamoussoukro\u00a0 pour le compte de la troisi\u00e8me\u00a0 journ\u00e9e du Groupe de la CAN 2023 .\u00a0 Un match qui s\u2019est finalement\u00a0 tourn\u00e9 en faveur\u00a0 des S\u00e9n\u00e9galais ( 2-0). A la mi-temps, les deux formations ont fait un nul [&hellip;]<\/p>\n","protected":false},"author":1,"featured_media":251,"comment_status":"open","ping_status":"open","sticky":false,"template":"","format":"standard","meta":{"footnotes":""},"categories":[2],"tags":[],"class_list":{"0":"post-250","1":"post","2":"type-post","3":"status-publish","4":"format-standard","5":"has-post-thumbnail","7":"category-news"},"aioseo_notices":[],"_links":{"self":[{"href":"https:\/\/stade28.net\/index.php\/wp-json\/wp\/v2\/posts\/250","targetHints":{"allow":["GET"]}}],"collection":[{"href":"https:\/\/stade28.net\/index.php\/wp-json\/wp\/v2\/posts"}],"about":[{"href":"https:\/\/stade28.net\/index.php\/wp-json\/wp\/v2\/types\/post"}],"author":[{"embeddable":true,"href":"https:\/\/stade28.net\/index.php\/wp-json\/wp\/v2\/users\/1"}],"replies":[{"embeddable":true,"href":"https:\/\/stade28.net\/index.php\/wp-json\/wp\/v2\/comments?post=250"}],"version-history":[{"count":0,"href":"https:\/\/stade28.net\/index.php\/wp-json\/wp\/v2\/posts\/250\/revisions"}],"wp:featuredmedia":[{"embeddable":true,"href":"https:\/\/stade28.net\/index.php\/wp-json\/wp\/v2\/media\/251"}],"wp:attachment":[{"href":"https:\/\/stade28.net\/index.php\/wp-json\/wp\/v2\/media?parent=250"}],"wp:term":[{"taxonomy":"category","embeddable":true,"href":"https:\/\/stade28.net\/index.php\/wp-json\/wp\/v2\/categories?post=250"},{"taxonomy":"post_tag","embeddable":true,"href":"https:\/\/stade28.net\/index.php\/wp-json\/wp\/v2\/tags?post=250"}],"curies":[{"name":"wp","href":"https:\/\/api.w.org\/{rel}","templated":true}]}}