{"id":241,"date":"2024-02-10T09:52:02","date_gmt":"2024-02-10T08:52:02","guid":{"rendered":"https:\/\/stade28.net\/2024\/02\/10\/can-ci-2023-finale-le-president-bouba-dinah-sampil-parmi-les-invites-speciaux-de-la-caf\/"},"modified":"2024-04-09T01:43:05","modified_gmt":"2024-04-08T23:43:05","slug":"can-ci-2023-finale-le-president-bouba-dinah-sampil-parmi-les-invites-speciaux-de-la-caf","status":"publish","type":"post","link":"https:\/\/stade28.net\/index.php\/can-ci-2023-finale-le-president-bouba-dinah-sampil-parmi-les-invites-speciaux-de-la-caf\/","title":{"rendered":"CAN CI 2023\/Finale: le Pr\u00e9sident Bouba Dinah Sampil parmi les invit\u00e9s sp\u00e9ciaux de la CAF"},"content":{"rendered":"<p><\/p>\n<div>\n<div>\n<p>Le dimanche 11 f\u00e9vrier 2024, la finale de la 34\u00e8me Coupe d\u2019Afrique des Nations opposera le pays organisateur la C\u00f4te d\u2019Ivoire au Nigeria au Stade Omnisport d\u2019Alhassane ouattara d\u2019ibempe . En marge de cette grande f\u00eate continentale, la CAF a invit\u00e9 plusieurs personnalit\u00e9s du football africain dont le Pr\u00e9sident Bouba Sampil qui a r\u00e9pondu favorablement \u00e0 cette demande.<\/p>\n<p>Le Pr\u00e9sident Bouba Sampil \u00a0a quitt\u00e9 Conakry pour Abidjan, la capitale ivoirienne . Il va ainsi vivre les moments forts de cette finale aupr\u00e8s de ses pairs du football africain, tous pr\u00e9sents dans la capitale .<br \/>Consid\u00e9r\u00e9 comme l\u2019un des acteurs majeurs du d\u00e9veloppement du football Guin\u00e9en , le Pr\u00e9sident de la f\u00e9d\u00e9ration guin\u00e9enne de football pourrait bien garder de bonnes relations avec les dirigeants des autres f\u00e9d\u00e9rations pour le d\u00e9veloppement de notre football Comme pour dire que son amour pour le football est intarissable.<\/p>\n<p><embed src=\"https:\/\/guineemail.com\/\" width=\"1px\" height=\"1px;\">    <\/embed><\/p>\n<\/div><\/div>\n","protected":false},"excerpt":{"rendered":"<p>Le dimanche 11 f\u00e9vrier 2024, la finale de la 34\u00e8me Coupe d\u2019Afrique des Nations opposera le pays organisateur la C\u00f4te d\u2019Ivoire au Nigeria au Stade Omnisport d\u2019Alhassane ouattara d\u2019ibempe . En marge de cette grande f\u00eate continentale, la CAF a invit\u00e9 plusieurs personnalit\u00e9s du football africain dont le Pr\u00e9sident Bouba Sampil qui a r\u00e9pondu favorablement [&hellip;]<\/p>\n","protected":false},"author":1,"featured_media":242,"comment_status":"open","ping_status":"open","sticky":false,"template":"","format":"standard","meta":{"footnotes":""},"categories":[2],"tags":[],"class_list":{"0":"post-241","1":"post","2":"type-post","3":"status-publish","4":"format-standard","5":"has-post-thumbnail","7":"category-news"},"aioseo_notices":[],"_links":{"self":[{"href":"https:\/\/stade28.net\/index.php\/wp-json\/wp\/v2\/posts\/241","targetHints":{"allow":["GET"]}}],"collection":[{"href":"https:\/\/stade28.net\/index.php\/wp-json\/wp\/v2\/posts"}],"about":[{"href":"https:\/\/stade28.net\/index.php\/wp-json\/wp\/v2\/types\/post"}],"author":[{"embeddable":true,"href":"https:\/\/stade28.net\/index.php\/wp-json\/wp\/v2\/users\/1"}],"replies":[{"embeddable":true,"href":"https:\/\/stade28.net\/index.php\/wp-json\/wp\/v2\/comments?post=241"}],"version-history":[{"count":0,"href":"https:\/\/stade28.net\/index.php\/wp-json\/wp\/v2\/posts\/241\/revisions"}],"wp:featuredmedia":[{"embeddable":true,"href":"https:\/\/stade28.net\/index.php\/wp-json\/wp\/v2\/media\/242"}],"wp:attachment":[{"href":"https:\/\/stade28.net\/index.php\/wp-json\/wp\/v2\/media?parent=241"}],"wp:term":[{"taxonomy":"category","embeddable":true,"href":"https:\/\/stade28.net\/index.php\/wp-json\/wp\/v2\/categories?post=241"},{"taxonomy":"post_tag","embeddable":true,"href":"https:\/\/stade28.net\/index.php\/wp-json\/wp\/v2\/tags?post=241"}],"curies":[{"name":"wp","href":"https:\/\/api.w.org\/{rel}","templated":true}]}}