{"id":238,"date":"2024-02-12T08:08:19","date_gmt":"2024-02-12T07:08:19","guid":{"rendered":"https:\/\/stade28.net\/2024\/02\/12\/can-2023-la-cote-divoire-sacree-championne-dafrique\/"},"modified":"2024-04-09T01:39:09","modified_gmt":"2024-04-08T23:39:09","slug":"can-2023-la-cote-divoire-sacree-championne-dafrique","status":"publish","type":"post","link":"https:\/\/stade28.net\/index.php\/can-2023-la-cote-divoire-sacree-championne-dafrique\/","title":{"rendered":"CAN 2023 : la C\u00f4te d\u2019Ivoire sacr\u00e9e championne d\u2019Afrique !"},"content":{"rendered":"<p><\/p>\n<div>\n<div dir=\"auto\">\n<p>Dans cette finale,\u00a0 Victor Osimhen et ses co\u00e9quipiers ont \u00e9t\u00e9 les plus lucides en ouvrant ( 1-0, 38\u00e8 mn)\u00a0 d\u00e8s\u00a0 la premi\u00e8re\u00a0 p\u00e9riode\u00a0 sur une erreur d\u00e9fensive ivoirienne gr\u00e2ce \u00e0 son capitaine William Troost Ekong.1 -0 , score \u00e0 la pause en faveur des Super Eagles\u00a0du Nig\u00e9ria.<\/p>\n<p>De retour des vestiaires , les \u00c9l\u00e9phants de C\u00f4te d\u2019Ivoire redoublent d\u2019efforts et multiplient les offensives dans le camp des nigerians. Ainsi , le\u00a0 pressing ivoirien est r\u00e9compens\u00e9 par le but \u00e9galisateur ( 1-1, ) inscrit par Franck Kessi\u00e9 \u00e0 la 62\u00e8 minute.<\/p>\n<p>Apr\u00e8s cette \u00e9galisation, les Nigerians jouent le tout pour le tout et se jettent dans la bataille offensive, mais butent sur une d\u00e9fense ivoirienne solide et disciplin\u00e9e. Sur ce , les \u00c9l\u00e9phants de C\u00f4te d\u2019Ivoire accentuent leur pressing et d\u00e9ploient leur jeu dans le camp adverse. Dans ce registre , Franck Kessi\u00e9 et ses co\u00e9quipiers corsent finalement l\u2019addition ( 2-1) gr\u00e2ce \u00e0 S\u00e9bastien Haller ( 81\u00e8me mn).\u00a0 C\u2019est sur ce score de ( 2-1) \u00e0 l\u2019avantage des ivoiriens que l\u2019arbitre a mis fin \u00e0 la rencontre.<\/p>\n<p>Avec cet exploit , le s\u00e9lectionneur\u00a0 national Emerse Fa\u00e9 et ses joueurs ram\u00e8nent donc\u00a0 sa troisi\u00e8me CAN \u00e0 la C\u00f4te d\u2019Ivoire, apr\u00e8s 1992 au S\u00e9n\u00e9gal et 2015 en Guin\u00e9e \u00c9quatoriale.<\/p>\n<p>Il faut noter qu\u2019au terme de la finale, la Coupe a \u00e9t\u00e9 remise au capitaine de la C\u00f4te d\u2019Ivoire, Max-Alain Gradel, par le pr\u00e9sident de la Conf\u00e9d\u00e9ration africaine de football (CAF), Patrice Motsepe, le pr\u00e9sident de la F\u00e9d\u00e9ration internationale de football (FIFA), Gianni Infantino, et le Pr\u00e9sident de la R\u00e9publique de C\u00f4te d\u2019Ivoire, Alassane Ouattara, en pr\u00e9sence de certains\u00a0 pr\u00e9sidents des\u00a0 F\u00e9d\u00e9rations\u00a0 nationales\u00a0 de football .<\/p>\n<\/div><\/div>\n","protected":false},"excerpt":{"rendered":"<p>Dans cette finale,\u00a0 Victor Osimhen et ses co\u00e9quipiers ont \u00e9t\u00e9 les plus lucides en ouvrant ( 1-0, 38\u00e8 mn)\u00a0 d\u00e8s\u00a0 la premi\u00e8re\u00a0 p\u00e9riode\u00a0 sur une erreur d\u00e9fensive ivoirienne gr\u00e2ce \u00e0 son capitaine William Troost Ekong.1 -0 , score \u00e0 la pause en faveur des Super Eagles\u00a0du Nig\u00e9ria. De retour des vestiaires , les \u00c9l\u00e9phants de [&hellip;]<\/p>\n","protected":false},"author":1,"featured_media":239,"comment_status":"open","ping_status":"open","sticky":false,"template":"","format":"standard","meta":{"footnotes":""},"categories":[2],"tags":[],"class_list":{"0":"post-238","1":"post","2":"type-post","3":"status-publish","4":"format-standard","5":"has-post-thumbnail","7":"category-news"},"aioseo_notices":[],"_links":{"self":[{"href":"https:\/\/stade28.net\/index.php\/wp-json\/wp\/v2\/posts\/238","targetHints":{"allow":["GET"]}}],"collection":[{"href":"https:\/\/stade28.net\/index.php\/wp-json\/wp\/v2\/posts"}],"about":[{"href":"https:\/\/stade28.net\/index.php\/wp-json\/wp\/v2\/types\/post"}],"author":[{"embeddable":true,"href":"https:\/\/stade28.net\/index.php\/wp-json\/wp\/v2\/users\/1"}],"replies":[{"embeddable":true,"href":"https:\/\/stade28.net\/index.php\/wp-json\/wp\/v2\/comments?post=238"}],"version-history":[{"count":0,"href":"https:\/\/stade28.net\/index.php\/wp-json\/wp\/v2\/posts\/238\/revisions"}],"wp:featuredmedia":[{"embeddable":true,"href":"https:\/\/stade28.net\/index.php\/wp-json\/wp\/v2\/media\/239"}],"wp:attachment":[{"href":"https:\/\/stade28.net\/index.php\/wp-json\/wp\/v2\/media?parent=238"}],"wp:term":[{"taxonomy":"category","embeddable":true,"href":"https:\/\/stade28.net\/index.php\/wp-json\/wp\/v2\/categories?post=238"},{"taxonomy":"post_tag","embeddable":true,"href":"https:\/\/stade28.net\/index.php\/wp-json\/wp\/v2\/tags?post=238"}],"curies":[{"name":"wp","href":"https:\/\/api.w.org\/{rel}","templated":true}]}}