{"id":2326,"date":"2024-10-14T21:13:07","date_gmt":"2024-10-14T19:13:07","guid":{"rendered":"https:\/\/stade28.net\/?p=2326"},"modified":"2024-10-14T21:55:31","modified_gmt":"2024-10-14T19:55:31","slug":"derniere-seance-dentrainement-de-syli-national-a-abidjan-en-vue-de-la-quatrieme-journee-des-eliminatoires-de-la-can-2025","status":"publish","type":"post","link":"https:\/\/stade28.net\/index.php\/derniere-seance-dentrainement-de-syli-national-a-abidjan-en-vue-de-la-quatrieme-journee-des-eliminatoires-de-la-can-2025\/","title":{"rendered":"Derni\u00e8re s\u00e9ance d\u2019entra\u00eenement de Syli National \u00e0 Abidjan en vue de la quatri\u00e8me journ\u00e9e des \u00e9liminatoires de la CAN 2025"},"content":{"rendered":"<p>Le Syli national de Guin\u00e9e a effectu\u00e9 sa derni\u00e8re s\u00e9ance d&rsquo;entra\u00eenement ce mardi 14 Octobre 2024 avant d&rsquo;\u00eatre re\u00e7u par\u00a0 les Walya de l&rsquo;Ethiopie . Ce match pr\u00e9vu demain\u00a0 mercredi ( 19 heures TU ) au stade Alassane Dramane Ouattara d&rsquo;Ebimp\u00e9\u00a0 d&rsquo;Abidjan s&rsquo;inscrit dans le cadre de la quatri\u00e8me journ\u00e9e des \u00e9liminatoires de la CAN Maroc 2025<\/p>\n<p><strong>Vid\u00e9o ci-dessous<\/strong><\/p>\n<div style=\"width: 640px;\" class=\"wp-video\"><video class=\"wp-video-shortcode\" id=\"video-2326-1\" width=\"640\" height=\"368\" preload=\"metadata\" controls=\"controls\"><source type=\"video\/mp4\" src=\"https:\/\/stade28.net\/wp-content\/uploads\/2024\/10\/received_867902052098698.mp4?_=1\" \/><a href=\"https:\/\/stade28.net\/wp-content\/uploads\/2024\/10\/received_867902052098698.mp4\">https:\/\/stade28.net\/wp-content\/uploads\/2024\/10\/received_867902052098698.mp4<\/a><\/video><\/div>\n","protected":false},"excerpt":{"rendered":"<p>Le Syli national de Guin\u00e9e a effectu\u00e9 sa derni\u00e8re s\u00e9ance d&rsquo;entra\u00eenement ce mardi 14 Octobre 2024 avant d&rsquo;\u00eatre re\u00e7u par\u00a0 les Walya de l&rsquo;Ethiopie . Ce match pr\u00e9vu demain\u00a0 mercredi ( 19 heures TU ) au stade Alassane Dramane Ouattara d&rsquo;Ebimp\u00e9\u00a0 d&rsquo;Abidjan s&rsquo;inscrit dans le cadre de la quatri\u00e8me journ\u00e9e des \u00e9liminatoires de la CAN [&hellip;]<\/p>\n","protected":false},"author":2,"featured_media":2327,"comment_status":"open","ping_status":"open","sticky":false,"template":"","format":"standard","meta":{"footnotes":""},"categories":[2],"tags":[],"class_list":{"0":"post-2326","1":"post","2":"type-post","3":"status-publish","4":"format-standard","5":"has-post-thumbnail","7":"category-news"},"aioseo_notices":[],"_links":{"self":[{"href":"https:\/\/stade28.net\/index.php\/wp-json\/wp\/v2\/posts\/2326","targetHints":{"allow":["GET"]}}],"collection":[{"href":"https:\/\/stade28.net\/index.php\/wp-json\/wp\/v2\/posts"}],"about":[{"href":"https:\/\/stade28.net\/index.php\/wp-json\/wp\/v2\/types\/post"}],"author":[{"embeddable":true,"href":"https:\/\/stade28.net\/index.php\/wp-json\/wp\/v2\/users\/2"}],"replies":[{"embeddable":true,"href":"https:\/\/stade28.net\/index.php\/wp-json\/wp\/v2\/comments?post=2326"}],"version-history":[{"count":0,"href":"https:\/\/stade28.net\/index.php\/wp-json\/wp\/v2\/posts\/2326\/revisions"}],"wp:featuredmedia":[{"embeddable":true,"href":"https:\/\/stade28.net\/index.php\/wp-json\/wp\/v2\/media\/2327"}],"wp:attachment":[{"href":"https:\/\/stade28.net\/index.php\/wp-json\/wp\/v2\/media?parent=2326"}],"wp:term":[{"taxonomy":"category","embeddable":true,"href":"https:\/\/stade28.net\/index.php\/wp-json\/wp\/v2\/categories?post=2326"},{"taxonomy":"post_tag","embeddable":true,"href":"https:\/\/stade28.net\/index.php\/wp-json\/wp\/v2\/tags?post=2326"}],"curies":[{"name":"wp","href":"https:\/\/api.w.org\/{rel}","templated":true}]}}