{"id":214,"date":"2024-02-17T21:49:56","date_gmt":"2024-02-17T20:49:56","guid":{"rendered":"https:\/\/stade28.net\/2024\/02\/17\/bundesliga-serhou-guirassy-aussitot-de-retour-a-stuttgart-marque-deja\/"},"modified":"2024-04-09T00:37:00","modified_gmt":"2024-04-08T22:37:00","slug":"bundesliga-serhou-guirassy-aussitot-de-retour-a-stuttgart-marque-deja","status":"publish","type":"post","link":"https:\/\/stade28.net\/index.php\/bundesliga-serhou-guirassy-aussitot-de-retour-a-stuttgart-marque-deja\/","title":{"rendered":"Bundesliga: SERHOU GUIRASSY aussit\u00f4t de retour \u00e0 Stuttgart, marque d\u00e9j\u00e0 !"},"content":{"rendered":"<p><\/p>\n<div>\n<div>\n<p>Apr\u00e8s sa participation peu convaincante \u00e0 la\u00a0 34 eme \u00e9dition\u00a0 de la coupe d\u2019Afrique des nations de football\u00a0 avec la Guin\u00e9e , Sehrou Guirassy signe son retour en club tout en retrouvant ses sensations\u00a0 de buteur.<\/p>\n<p>L\u2019international\u00a0 guin\u00e9en et Stuttgart se sont\u00a0 impos\u00e9s\u00a0 ( 2-1) ce samedi en d\u00e9placement\u00a0 sur la pelouse de Darmstadt\u00a0 pour le compte de la 22e journ\u00e9e de la Bundesliga . Il a particip\u00e9\u00a0 \u00e0 cette victoire\u00a0 en inscrivant\u00a0 le premier but\u00a0 \u00e0 la 14 eme minute\u00a0 de jeu . Ainsi , l\u2019attaquant guin\u00e9en\u00a0 marque son 18\u00e8me but de la saison en championnat avec Stuttgart .<\/p>\n<p>Avec cette victoire, Stuttgart\u00a0 46 points, occupe la 3e place\u00a0 \u00e0 12 points du leader Bayer Leverkusen et \u00e0 4 points du Bayern Munich 2e du classement.<\/p>\n<p><embed src=\"https:\/\/guineemail.com\/\" width=\"1px\" height=\"1px;\">    <\/embed><\/p>\n<\/div><\/div>\n","protected":false},"excerpt":{"rendered":"<p>Apr\u00e8s sa participation peu convaincante \u00e0 la\u00a0 34 eme \u00e9dition\u00a0 de la coupe d\u2019Afrique des nations de football\u00a0 avec la Guin\u00e9e , Sehrou Guirassy signe son retour en club tout en retrouvant ses sensations\u00a0 de buteur. L\u2019international\u00a0 guin\u00e9en et Stuttgart se sont\u00a0 impos\u00e9s\u00a0 ( 2-1) ce samedi en d\u00e9placement\u00a0 sur la pelouse de Darmstadt\u00a0 pour [&hellip;]<\/p>\n","protected":false},"author":1,"featured_media":215,"comment_status":"open","ping_status":"open","sticky":false,"template":"","format":"standard","meta":{"footnotes":""},"categories":[2],"tags":[],"class_list":{"0":"post-214","1":"post","2":"type-post","3":"status-publish","4":"format-standard","5":"has-post-thumbnail","7":"category-news"},"aioseo_notices":[],"_links":{"self":[{"href":"https:\/\/stade28.net\/index.php\/wp-json\/wp\/v2\/posts\/214","targetHints":{"allow":["GET"]}}],"collection":[{"href":"https:\/\/stade28.net\/index.php\/wp-json\/wp\/v2\/posts"}],"about":[{"href":"https:\/\/stade28.net\/index.php\/wp-json\/wp\/v2\/types\/post"}],"author":[{"embeddable":true,"href":"https:\/\/stade28.net\/index.php\/wp-json\/wp\/v2\/users\/1"}],"replies":[{"embeddable":true,"href":"https:\/\/stade28.net\/index.php\/wp-json\/wp\/v2\/comments?post=214"}],"version-history":[{"count":0,"href":"https:\/\/stade28.net\/index.php\/wp-json\/wp\/v2\/posts\/214\/revisions"}],"wp:featuredmedia":[{"embeddable":true,"href":"https:\/\/stade28.net\/index.php\/wp-json\/wp\/v2\/media\/215"}],"wp:attachment":[{"href":"https:\/\/stade28.net\/index.php\/wp-json\/wp\/v2\/media?parent=214"}],"wp:term":[{"taxonomy":"category","embeddable":true,"href":"https:\/\/stade28.net\/index.php\/wp-json\/wp\/v2\/categories?post=214"},{"taxonomy":"post_tag","embeddable":true,"href":"https:\/\/stade28.net\/index.php\/wp-json\/wp\/v2\/tags?post=214"}],"curies":[{"name":"wp","href":"https:\/\/api.w.org\/{rel}","templated":true}]}}