{"id":2046,"date":"2024-08-27T13:08:27","date_gmt":"2024-08-27T11:08:27","guid":{"rendered":"https:\/\/stade28.net\/?p=2046"},"modified":"2024-08-27T13:18:36","modified_gmt":"2024-08-27T11:18:36","slug":"elim-can-2025-charly-paquille-devoile-sa-liste-sans-naby-keita-et-mady-camara-de-retour-en-selection","status":"publish","type":"post","link":"https:\/\/stade28.net\/index.php\/elim-can-2025-charly-paquille-devoile-sa-liste-sans-naby-keita-et-mady-camara-de-retour-en-selection\/","title":{"rendered":"\u00c9lim. CAN 2025 : Charly Paquill\u00e9 d\u00e9voile sa liste\u00a0 sans Naby Keita et Mady Camara de retour en s\u00e9lection !\u00a0"},"content":{"rendered":"<div dir=\"auto\">\u00c0 travers les canaux de communication de la f\u00e9d\u00e9ration guin\u00e9enne de football, le nouveau s\u00e9lectionneur de l&rsquo;\u00e9quipe nationale de football de Guin\u00e9e , Charly Paquill\u00e9\u00a0 a d\u00e9voil\u00e9 , ce lundi 26 Ao\u00fbt 2023,\u00a0 sa\u00a0 liste des 23\u00a0 joueurs convoqu\u00e9s pour les premi\u00e8re et deuxi\u00e8me journ\u00e9es des \u00e9liminatoires de la CAN 2025. La Guin\u00e9e en d\u00e9placement affronte la RD Congo\u00a0 le 6 Septembre\u00a0 avant de\u00a0 recevoir\u00a0 la Tanzanie , le 10 Septembre 2024\u00a0 au stade Charles Konan Bannie de Yamoussoukro en C\u00f4te\u00a0 d&rsquo;ivoire . Pour ces deux rendez-vous, on note le retour du milieu de terrain de PAOK apr\u00e8s trois ans d\u2019absence, Mohamed Mady Camara et l&rsquo;absence de Naby Keita.<\/div>\n<div dir=\"auto\"><\/div>\n<div dir=\"auto\">Selon le programme de pr\u00e9paration\u00a0 \u00e9tabli par la Feguifoot , le Syli National sera en regroupement \u00e0 Abidjan \u00e0 partir du 31 ao\u00fbt 2024 avant de s\u2019envoler le 04 septembre 2024 pour la RD Congo. L\u2019\u00e9quipe nationale va ensuite revenir \u00e0 Abidjan d\u00e8s le 7 septembre avant de rejoindre Yamoussoukro dans la matin\u00e9e du 9 septembre 2024 pour recevoir la Tanzanie le lendemain.<\/div>\n<div dir=\"auto\"><strong>Ci-dessous la lste de 23 joueurs convoqu\u00e9s:<\/strong><\/div>\n<div dir=\"auto\"><img loading=\"lazy\" decoding=\"async\" class=\"alignnone size-medium wp-image-2048\" src=\"https:\/\/stade28.net\/wp-content\/uploads\/2024\/08\/received_1032168521777745-239x300.jpeg\" alt=\"\" width=\"239\" height=\"300\" srcset=\"https:\/\/stade28.net\/wp-content\/uploads\/2024\/08\/received_1032168521777745-239x300.jpeg 239w, https:\/\/stade28.net\/wp-content\/uploads\/2024\/08\/received_1032168521777745-150x188.jpeg 150w, https:\/\/stade28.net\/wp-content\/uploads\/2024\/08\/received_1032168521777745-300x377.jpeg 300w, https:\/\/stade28.net\/wp-content\/uploads\/2024\/08\/received_1032168521777745-334x420.jpeg 334w, https:\/\/stade28.net\/wp-content\/uploads\/2024\/08\/received_1032168521777745.jpeg 571w\" sizes=\"auto, (max-width: 239px) 100vw, 239px\" \/><\/div>\n","protected":false},"excerpt":{"rendered":"<p>\u00c0 travers les canaux de communication de la f\u00e9d\u00e9ration guin\u00e9enne de football, le nouveau s\u00e9lectionneur de l&rsquo;\u00e9quipe nationale de football de Guin\u00e9e , Charly Paquill\u00e9\u00a0 a d\u00e9voil\u00e9 , ce lundi 26 Ao\u00fbt 2023,\u00a0 sa\u00a0 liste des 23\u00a0 joueurs convoqu\u00e9s pour les premi\u00e8re et deuxi\u00e8me journ\u00e9es des \u00e9liminatoires de la CAN 2025. La Guin\u00e9e en d\u00e9placement [&hellip;]<\/p>\n","protected":false},"author":2,"featured_media":2047,"comment_status":"open","ping_status":"open","sticky":false,"template":"","format":"standard","meta":{"footnotes":""},"categories":[2],"tags":[],"class_list":{"0":"post-2046","1":"post","2":"type-post","3":"status-publish","4":"format-standard","5":"has-post-thumbnail","7":"category-news"},"aioseo_notices":[],"_links":{"self":[{"href":"https:\/\/stade28.net\/index.php\/wp-json\/wp\/v2\/posts\/2046","targetHints":{"allow":["GET"]}}],"collection":[{"href":"https:\/\/stade28.net\/index.php\/wp-json\/wp\/v2\/posts"}],"about":[{"href":"https:\/\/stade28.net\/index.php\/wp-json\/wp\/v2\/types\/post"}],"author":[{"embeddable":true,"href":"https:\/\/stade28.net\/index.php\/wp-json\/wp\/v2\/users\/2"}],"replies":[{"embeddable":true,"href":"https:\/\/stade28.net\/index.php\/wp-json\/wp\/v2\/comments?post=2046"}],"version-history":[{"count":0,"href":"https:\/\/stade28.net\/index.php\/wp-json\/wp\/v2\/posts\/2046\/revisions"}],"wp:featuredmedia":[{"embeddable":true,"href":"https:\/\/stade28.net\/index.php\/wp-json\/wp\/v2\/media\/2047"}],"wp:attachment":[{"href":"https:\/\/stade28.net\/index.php\/wp-json\/wp\/v2\/media?parent=2046"}],"wp:term":[{"taxonomy":"category","embeddable":true,"href":"https:\/\/stade28.net\/index.php\/wp-json\/wp\/v2\/categories?post=2046"},{"taxonomy":"post_tag","embeddable":true,"href":"https:\/\/stade28.net\/index.php\/wp-json\/wp\/v2\/tags?post=2046"}],"curies":[{"name":"wp","href":"https:\/\/api.w.org\/{rel}","templated":true}]}}