{"id":2018,"date":"2024-08-25T18:13:11","date_gmt":"2024-08-25T16:13:11","guid":{"rendered":"https:\/\/stade28.net\/?p=2018"},"modified":"2024-08-25T18:13:11","modified_gmt":"2024-08-25T16:13:11","slug":"lgfp-cest-officiel-la-fin-dune-idyle-entre-le-coach-casimir-jagiello-et-le-hafia-fc","status":"publish","type":"post","link":"https:\/\/stade28.net\/index.php\/lgfp-cest-officiel-la-fin-dune-idyle-entre-le-coach-casimir-jagiello-et-le-hafia-fc\/","title":{"rendered":"LGFP : c&rsquo;est officiel , la\u00a0 fin d&rsquo;une idyle entre le coach\u00a0Casimir Jagiello et le Hafia FC\u00a0"},"content":{"rendered":"<div dir=\"auto\">L\u2019aventure entre le Hafia FC\u00a0 et son coach\u00a0 polonais Casimir JAGIELLO. a pris fin . Ce dimanche 25 Ao\u00fbt 2024 , le vice-champion de Guin\u00e9e a annonc\u00e9 la s\u00e9paration \u00a0\u00bb d&rsquo;un commun accord apr\u00e8s des discussions constructives entre les diff\u00e9rentes parties notamment pour d\u00e9faut de licence approuv\u00e9e par la CAF pour les comp\u00e9titions africaines\u00a0\u00bb,\u00a0 \u00e9crit le club sur sa page Facebook via un communiqu\u00e9 .<\/div>\n<div dir=\"auto\"><\/div>\n<div dir=\"auto\">Selon le m\u00eame\u00a0 communiqu\u00e9 , l&rsquo;int\u00e9rim sera assur\u00e9 par le reste du staff technique notamment pour la gestion de la coupe de la ligue en cours.<\/div>\n<div dir=\"auto\"><\/div>\n<div dir=\"auto\">En cons\u00e9quence,\u00a0\u00bb le Hafia FC lancera dans les prochains jours un appel \u00e0 candidatures pour le recrutement d&rsquo;un nouvel entra\u00eeneur et d&rsquo;un staff technique. Les candidats doivent d\u00e9tenir les licences et remplir les exigences requises par la Conf\u00e9d\u00e9ration Africaine de Football (CAF) pour les comp\u00e9titions africaines li\u00e9es aux interclubs \u00ab\u00a0, annonce\u00a0 le club de Babata .<\/div>\n<div dir=\"auto\"><\/div>\n<div dir=\"auto\">Pour rappel,\u00a0 le Hafia FC vice -champion de Guin\u00e9e qui repr\u00e9sentait le pays en coupe CAF,\u00a0 s\u2019est fait \u00e9liminer ce week-end par\u00a0 l&rsquo;\u00e9toile Filante de Ouagadougou d\u00e8s le premier tour pr\u00e9liminaire de la comp\u00e9tition. Une d\u00e9faite qui a scell\u00e9 l\u2019avenir de Casimir JAGIELLO. qui n\u2018\u00e9tait nomm\u00e9 officiellement\u00a0 que depuis le 17 avril 2023.<\/div>\n<div dir=\"auto\"><strong>Marif Youla\u00a0<\/strong><\/div>\n","protected":false},"excerpt":{"rendered":"<p>L\u2019aventure entre le Hafia FC\u00a0 et son coach\u00a0 polonais Casimir JAGIELLO. a pris fin . Ce dimanche 25 Ao\u00fbt 2024 , le vice-champion de Guin\u00e9e a annonc\u00e9 la s\u00e9paration \u00a0\u00bb d&rsquo;un commun accord apr\u00e8s des discussions constructives entre les diff\u00e9rentes parties notamment pour d\u00e9faut de licence approuv\u00e9e par la CAF pour les comp\u00e9titions africaines\u00a0\u00bb,\u00a0 \u00e9crit [&hellip;]<\/p>\n","protected":false},"author":2,"featured_media":2019,"comment_status":"open","ping_status":"open","sticky":false,"template":"","format":"standard","meta":{"footnotes":""},"categories":[2],"tags":[],"class_list":{"0":"post-2018","1":"post","2":"type-post","3":"status-publish","4":"format-standard","5":"has-post-thumbnail","7":"category-news"},"aioseo_notices":[],"_links":{"self":[{"href":"https:\/\/stade28.net\/index.php\/wp-json\/wp\/v2\/posts\/2018","targetHints":{"allow":["GET"]}}],"collection":[{"href":"https:\/\/stade28.net\/index.php\/wp-json\/wp\/v2\/posts"}],"about":[{"href":"https:\/\/stade28.net\/index.php\/wp-json\/wp\/v2\/types\/post"}],"author":[{"embeddable":true,"href":"https:\/\/stade28.net\/index.php\/wp-json\/wp\/v2\/users\/2"}],"replies":[{"embeddable":true,"href":"https:\/\/stade28.net\/index.php\/wp-json\/wp\/v2\/comments?post=2018"}],"version-history":[{"count":0,"href":"https:\/\/stade28.net\/index.php\/wp-json\/wp\/v2\/posts\/2018\/revisions"}],"wp:featuredmedia":[{"embeddable":true,"href":"https:\/\/stade28.net\/index.php\/wp-json\/wp\/v2\/media\/2019"}],"wp:attachment":[{"href":"https:\/\/stade28.net\/index.php\/wp-json\/wp\/v2\/media?parent=2018"}],"wp:term":[{"taxonomy":"category","embeddable":true,"href":"https:\/\/stade28.net\/index.php\/wp-json\/wp\/v2\/categories?post=2018"},{"taxonomy":"post_tag","embeddable":true,"href":"https:\/\/stade28.net\/index.php\/wp-json\/wp\/v2\/tags?post=2018"}],"curies":[{"name":"wp","href":"https:\/\/api.w.org\/{rel}","templated":true}]}}