{"id":2007,"date":"2024-08-24T22:35:03","date_gmt":"2024-08-24T20:35:03","guid":{"rendered":"https:\/\/stade28.net\/?p=2007"},"modified":"2024-08-24T22:45:11","modified_gmt":"2024-08-24T20:45:11","slug":"jeux-paralympiques-paris-2024-on-a-pas-de-billets-je-suis-tres-frustre-de-parler-devant-mes-athletes-sinquiete-seydou-doumbouya-president-du-comite-paralympique-de-guinee","status":"publish","type":"post","link":"https:\/\/stade28.net\/index.php\/jeux-paralympiques-paris-2024-on-a-pas-de-billets-je-suis-tres-frustre-de-parler-devant-mes-athletes-sinquiete-seydou-doumbouya-president-du-comite-paralympique-de-guinee\/","title":{"rendered":"Jeux Paralympiques Paris 2024: \u00ab\u00a0On a pas de billets, je suis tr\u00e8s frustr\u00e9 de parler devant mes athl\u00e8tes\u00a0\u00bb, s&rsquo;inqui\u00e8te\u00a0 Seydou Doumbouya, pr\u00e9sident du comit\u00e9 Paralympique de Guin\u00e9e\u00a0"},"content":{"rendered":"<div dir=\"auto\">Apr\u00e8s\u00a0 les\u00a0 jeux olympiques d&rsquo;\u00e9t\u00e9 de Paris 2024 , la capitale fran\u00e7aise va vibrer\u00a0 du\u00a0 28 ao\u00fbt au 08 septembre prochain au rythme des\u00a0 Jeux Paralympiques avec la participation des\u00a0 athl\u00e8tes guin\u00e9ens . \u00c0 cinq jours seulement\u00a0 de la c\u00e9r\u00e9monie d\u2019ouverture de ce grand rendez-vous plan\u00e9taire, les membres du\u00a0 comit\u00e9 paralympique de Guin\u00e9e\u00a0 sont\u00a0 mont\u00e9s au cr\u00e9neau\u00a0 pour\u00a0 fustiger les conditions de pr\u00e9parations de ses athl\u00e8tes . Ils l&rsquo;ont\u00a0 fait savoir ce vendredi 2024 \u00e0 travers une conf\u00e9rence organis\u00e9e dans la salle du comit\u00e9 national olympique et sportif guin\u00e9en . La c\u00e9r\u00e9monie a connu la pr\u00e9sence de plusieurs personnalit\u00e9s des sports guin\u00e9ens dont notamment le pr\u00e9sident du CNOSG , Elhaddj Ben Daouda Nansoko , le pr\u00e9sident de la f\u00e9d\u00e9ration guin\u00e9enne de football Aboubacar Dinah Sampil , le ministre de la jeunesse et des sports, Keamou Bogola Haba ainsi que bien d&rsquo;autres invit\u00e9s venus pour la circonstance .<\/div>\n<div dir=\"auto\"><img loading=\"lazy\" decoding=\"async\" class=\"alignnone size-medium wp-image-2009\" src=\"https:\/\/stade28.net\/wp-content\/uploads\/2024\/08\/IMG_20240823_1601034-300x214.jpg\" alt=\"\" width=\"300\" height=\"214\" srcset=\"https:\/\/stade28.net\/wp-content\/uploads\/2024\/08\/IMG_20240823_1601034-300x214.jpg 300w, https:\/\/stade28.net\/wp-content\/uploads\/2024\/08\/IMG_20240823_1601034-1024x730.jpg 1024w, https:\/\/stade28.net\/wp-content\/uploads\/2024\/08\/IMG_20240823_1601034-768x547.jpg 768w, https:\/\/stade28.net\/wp-content\/uploads\/2024\/08\/IMG_20240823_1601034-1536x1094.jpg 1536w, https:\/\/stade28.net\/wp-content\/uploads\/2024\/08\/IMG_20240823_1601034-2048x1459.jpg 2048w, https:\/\/stade28.net\/wp-content\/uploads\/2024\/08\/IMG_20240823_1601034-150x107.jpg 150w, https:\/\/stade28.net\/wp-content\/uploads\/2024\/08\/IMG_20240823_1601034-696x496.jpg 696w, https:\/\/stade28.net\/wp-content\/uploads\/2024\/08\/IMG_20240823_1601034-1068x761.jpg 1068w, https:\/\/stade28.net\/wp-content\/uploads\/2024\/08\/IMG_20240823_1601034-1920x1368.jpg 1920w, https:\/\/stade28.net\/wp-content\/uploads\/2024\/08\/IMG_20240823_1601034-589x420.jpg 589w, https:\/\/stade28.net\/wp-content\/uploads\/2024\/08\/IMG_20240823_1601034-100x70.jpg 100w, https:\/\/stade28.net\/wp-content\/uploads\/2024\/08\/IMG_20240823_1601034-610x435.jpg 610w\" sizes=\"auto, (max-width: 300px) 100vw, 300px\" \/><\/div>\n<div dir=\"auto\">Dans sa prise de parole , le pr\u00e9sident du comit\u00e9 Paralympique de Guin\u00e9e, apparemment d\u00e9sesp\u00e9r\u00e9\u00a0 dira : \u00ab Nous sommes \u00e0 seulement cinq jours du d\u00e9but des Jeux Paralympiques, et nous sommes toujours \u00e0 Conakry. \u00c0 ce jour, nous n\u2019avons toujours pas re\u00e7u nos billets. C\u2019est tr\u00e8s chaud pour nous, le programme pr\u00e9voyait que notre pr\u00e9paration se d\u00e9roule au Maroc. Mais nos athl\u00e8tes se retrouvent dans des conditions difficiles, \u00e0 s\u2019entra\u00eener dans des conditions pr\u00e9caires. Peut-on r\u00e9ellement esp\u00e9rer de bons r\u00e9sultats dans ces circonstances ? \u00bb,\u00a0 s&rsquo;interroge M. Seydou Doumbouya.<\/div>\n<div dir=\"auto\"><img loading=\"lazy\" decoding=\"async\" class=\"alignnone size-medium wp-image-2010\" src=\"https:\/\/stade28.net\/wp-content\/uploads\/2024\/08\/received_516889564076689-300x169.jpeg\" alt=\"\" width=\"300\" height=\"169\" srcset=\"https:\/\/stade28.net\/wp-content\/uploads\/2024\/08\/received_516889564076689-300x169.jpeg 300w, https:\/\/stade28.net\/wp-content\/uploads\/2024\/08\/received_516889564076689-768x432.jpeg 768w, https:\/\/stade28.net\/wp-content\/uploads\/2024\/08\/received_516889564076689-150x84.jpeg 150w, https:\/\/stade28.net\/wp-content\/uploads\/2024\/08\/received_516889564076689-696x392.jpeg 696w, https:\/\/stade28.net\/wp-content\/uploads\/2024\/08\/received_516889564076689-746x420.jpeg 746w, https:\/\/stade28.net\/wp-content\/uploads\/2024\/08\/received_516889564076689-610x343.jpeg 610w, https:\/\/stade28.net\/wp-content\/uploads\/2024\/08\/received_516889564076689.jpeg 780w\" sizes=\"auto, (max-width: 300px) 100vw, 300px\" \/><\/div>\n<div dir=\"auto\">Face \u00e0 ce cri du c\u0153ur, le Ministre Bogola Haba rassure : \u00ab Ce que je pu vous dire , \u00e7a sera une grande opportunit\u00e9 que nous athl\u00e8tes ne soient pas pr\u00e9sents \u00e0 cette grande\u00a0 messe mondiale o\u00f9 il y a plus de 190 pays . A cet effet ,\u00a0 \u00a0nous ferons tout pour que nos athl\u00e8tes soient pr\u00e9sents . Et d\u00e9j\u00e0 , toutes les dispositions sont en train d\u2019\u00eatre prises pour faciliter la participation de nos athl\u00e8tes.\u00a0 Et l\u00e0 nous avons une d\u00e9l\u00e9gation de 17 personnes , l\u2019ordre de mission est d\u00e9j\u00e0 sign\u00e9, tout est en ordre. Parmi les 17 personnes propos\u00e9es, 9 ont d\u00e9j\u00e0 obtenu leurs visas, et les 8 autres devraient recevoir leurs passeports dans les deux prochains jours . Et au-del\u00e0 de l&rsquo;obtention des billets d&rsquo;avion pour nos athl\u00e8tes, je pu vous dire que\u00a0 l\u00a0\u00bb\u00c9tat fait\u00a0 son mieux \u00bb.<\/div>\n<div dir=\"auto\"><\/div>\n<div dir=\"auto\">Contrairement \u00e0 l\u00a0\u00bbann\u00e9e derni\u00e8re o\u00f9 nous avons envoy\u00e9 une seule discipline\u00a0 , cette fois notre\u00a0 pays sera repr\u00e9sent\u00e9e par deux\u00a0 \u00e0 savoir l\u00a0\u00bbathl\u00e9tisme et l&rsquo;halt\u00e9rophilie\u00a0 , \u00e0 en croire,\u00a0 le pr\u00e9sident du comit\u00e9 Paralympique de Guin\u00e9e. Au regard de tout cela , il reste\u00a0 donc \u00e0 savoir si\u00a0 \u00a0le d\u00e9partement de la jeunesse et des\u00a0 sports respectera sa parole d\u00a0\u00bbhonneur\u00a0 afin que nos athl\u00e8tes paralympiques puissent repr\u00e9senter dignement le pays \u00e0 Paris.<\/div>\n<div dir=\"auto\"><\/div>\n<div dir=\"auto\"><strong>Marif Youla\u00a0<\/strong><\/div>\n","protected":false},"excerpt":{"rendered":"<p>Apr\u00e8s\u00a0 les\u00a0 jeux olympiques d&rsquo;\u00e9t\u00e9 de Paris 2024 , la capitale fran\u00e7aise va vibrer\u00a0 du\u00a0 28 ao\u00fbt au 08 septembre prochain au rythme des\u00a0 Jeux Paralympiques avec la participation des\u00a0 athl\u00e8tes guin\u00e9ens . \u00c0 cinq jours seulement\u00a0 de la c\u00e9r\u00e9monie d\u2019ouverture de ce grand rendez-vous plan\u00e9taire, les membres du\u00a0 comit\u00e9 paralympique de Guin\u00e9e\u00a0 sont\u00a0 mont\u00e9s [&hellip;]<\/p>\n","protected":false},"author":2,"featured_media":2008,"comment_status":"open","ping_status":"open","sticky":false,"template":"","format":"standard","meta":{"footnotes":""},"categories":[2],"tags":[],"class_list":{"0":"post-2007","1":"post","2":"type-post","3":"status-publish","4":"format-standard","5":"has-post-thumbnail","7":"category-news"},"aioseo_notices":[],"_links":{"self":[{"href":"https:\/\/stade28.net\/index.php\/wp-json\/wp\/v2\/posts\/2007","targetHints":{"allow":["GET"]}}],"collection":[{"href":"https:\/\/stade28.net\/index.php\/wp-json\/wp\/v2\/posts"}],"about":[{"href":"https:\/\/stade28.net\/index.php\/wp-json\/wp\/v2\/types\/post"}],"author":[{"embeddable":true,"href":"https:\/\/stade28.net\/index.php\/wp-json\/wp\/v2\/users\/2"}],"replies":[{"embeddable":true,"href":"https:\/\/stade28.net\/index.php\/wp-json\/wp\/v2\/comments?post=2007"}],"version-history":[{"count":0,"href":"https:\/\/stade28.net\/index.php\/wp-json\/wp\/v2\/posts\/2007\/revisions"}],"wp:featuredmedia":[{"embeddable":true,"href":"https:\/\/stade28.net\/index.php\/wp-json\/wp\/v2\/media\/2008"}],"wp:attachment":[{"href":"https:\/\/stade28.net\/index.php\/wp-json\/wp\/v2\/media?parent=2007"}],"wp:term":[{"taxonomy":"category","embeddable":true,"href":"https:\/\/stade28.net\/index.php\/wp-json\/wp\/v2\/categories?post=2007"},{"taxonomy":"post_tag","embeddable":true,"href":"https:\/\/stade28.net\/index.php\/wp-json\/wp\/v2\/tags?post=2007"}],"curies":[{"name":"wp","href":"https:\/\/api.w.org\/{rel}","templated":true}]}}