{"id":1984,"date":"2024-08-09T17:59:22","date_gmt":"2024-08-09T15:59:22","guid":{"rendered":"https:\/\/stade28.net\/?p=1984"},"modified":"2024-08-09T17:59:22","modified_gmt":"2024-08-09T15:59:22","slug":"le-cio-exprime-sa-profonde-tristesse-a-lannonce-du-deces-du-membre-honoraire-issa-hayatou","status":"publish","type":"post","link":"https:\/\/stade28.net\/index.php\/le-cio-exprime-sa-profonde-tristesse-a-lannonce-du-deces-du-membre-honoraire-issa-hayatou\/","title":{"rendered":"Le CIO exprime sa profonde tristesse \u00e0 l&rsquo;annonce du d\u00e9c\u00e8s du membre honoraire Issa Hayatou"},"content":{"rendered":"<p>C&rsquo;est avec une grande tristesse que le Comit\u00e9 International Olympique (CIO) a appris le d\u00e9c\u00e8s de M. Issa Hayatou, qui s&rsquo;est \u00e9teint \u00e0 l&rsquo;\u00e2ge de 77 ans.<\/p>\n<p>N\u00e9 le 9 ao\u00fbt 1946 au Cameroun, M. Hayatou laisse un h\u00e9ritage de sportif, d\u2019\u00e9ducateur et d\u2019administrateur, dont l\u2019empreinte aux niveaux national et international est importante.<\/p>\n<p>\u201cIssa Hayatou a dirig\u00e9 la FIFA dans une p\u00e9riode tr\u00e8s difficile. Il a toujours d\u00e9fendu le r\u00f4le du football aux Jeux Olympiques et au sein du Mouvement olympique\u201d, a d\u00e9clar\u00e9 Thomas Bach, pr\u00e9sident du CIO.<\/p>\n<p>\u201cEn Afrique, il a pr\u00e9sid\u00e9 la F\u00e9d\u00e9ration africaine de football et a \u00e9t\u00e9 une figure de proue du mouvement sportif sur son continent\u201d.<\/p>\n<p>Sa contribution au domaine sportif tout au long de sa carri\u00e8re a \u00e9t\u00e9 reconnue au travers de son mandat en tant que membre du CIO de 2001 \u00e0 2016, dont il est ensuite devenu membre honoraire en 2017. Lors de ses fonctions au CIO, Issa Hayatou a particip\u00e9 \u00e0 plusieurs commissions du CIO, dont la commission Femmes et sport (1996-2017) et la commission de coordination des Jeux de la XXIXe Olympiade \u00e0 Beijing en 2008 (2002-2008).<\/p>\n<p>M. Hayatou a commenc\u00e9 son parcours sportif d\u00e8s son plus jeune \u00e2ge, excellant dans l&rsquo;athl\u00e9tisme, le basketball et le football. De 1964 \u00e0 1971, il a \u00e9t\u00e9 champion de son pays au 400 m et au 800 m et a repr\u00e9sent\u00e9 le Cameroun dans l&rsquo;\u00e9quipe nationale d&rsquo;athl\u00e9tisme aux premiers Jeux africains de Brazzaville en 1965. Il a \u00e9galement jou\u00e9 au basketball au niveau national et a \u00e9t\u00e9 membre de l&rsquo;\u00e9quipe de football de son universit\u00e9.<\/p>\n<p>Issa Hayatou s&rsquo;est consacr\u00e9 \u00e0 la formation de la prochaine g\u00e9n\u00e9ration d&rsquo;athl\u00e8tes en tant que professeur d&rsquo;\u00e9ducation physique et sportive, puis en tant que directeur sportif national du Cameroun de 1982 \u00e0 1988.<\/p>\n<p>Dans le domaine de l&rsquo;administration sportive, M. Hayatou a servi au plus haut niveau. Il a \u00e9t\u00e9 secr\u00e9taire g\u00e9n\u00e9ral, vice-pr\u00e9sident et enfin pr\u00e9sident de la F\u00e9d\u00e9ration camerounaise de football entre 1974 et 1988. Son leadership a franchi les fronti\u00e8res camerounaises lorsqu&rsquo;il est devenu pr\u00e9sident de la Conf\u00e9d\u00e9ration africaine de football en 1988, une fonction qu&rsquo;il a exerc\u00e9e jusqu&rsquo;en 2017. Son influence sur le football mondial s&rsquo;est encore renforc\u00e9e lorsqu\u2019il a rejoint le Comit\u00e9 ex\u00e9cutif de la FIFA entre 1990 et 2017, puis en tant que vice-pr\u00e9sident de la FIFA et pr\u00e9sident de la FIFA par int\u00e9rim en 2015 et 2016.<\/p>\n<p>M. Hayatou a \u00e9galement jou\u00e9 un r\u00f4le d\u00e9cisif dans l&rsquo;organisation des grands tournois internationaux. Il a pr\u00e9sid\u00e9 les comit\u00e9s d&rsquo;organisation de la Coupe du monde de la FIFA en Afrique du Sud et de la Coupe des conf\u00e9d\u00e9rations de la FIFA, ainsi que les tournois olympiques de football de 1992 \u00e0 2006. Sa vision strat\u00e9gique a \u00e9t\u00e9 d\u00e9terminante pour sa contribution \u00e0 la Commission d&rsquo;organisation de la Coupe du Monde de la FIFA et \u00e0 la Commission d&rsquo;\u00e9tudes strat\u00e9giques de la FIFA.<\/p>\n<p>En signe de respect, le drapeau olympique a \u00e9t\u00e9 mis en berne \u00e0 la Maison Olympique et au Mus\u00e9e Olympique \u00e0 Lausanne, en Suisse. Une minute de silence a \u00e9t\u00e9 observ\u00e9e lors de la r\u00e9union de la commission ex\u00e9cutive du CIO qui s&rsquo;est tenue aujourd&rsquo;hui.<\/p>\n<p><strong>CIO<\/strong><\/p>\n","protected":false},"excerpt":{"rendered":"<p>C&rsquo;est avec une grande tristesse que le Comit\u00e9 International Olympique (CIO) a appris le d\u00e9c\u00e8s de M. Issa Hayatou, qui s&rsquo;est \u00e9teint \u00e0 l&rsquo;\u00e2ge de 77 ans. N\u00e9 le 9 ao\u00fbt 1946 au Cameroun, M. Hayatou laisse un h\u00e9ritage de sportif, d\u2019\u00e9ducateur et d\u2019administrateur, dont l\u2019empreinte aux niveaux national et international est importante. \u201cIssa Hayatou [&hellip;]<\/p>\n","protected":false},"author":2,"featured_media":1985,"comment_status":"open","ping_status":"open","sticky":false,"template":"","format":"standard","meta":{"footnotes":""},"categories":[2],"tags":[],"class_list":{"0":"post-1984","1":"post","2":"type-post","3":"status-publish","4":"format-standard","5":"has-post-thumbnail","7":"category-news"},"aioseo_notices":[],"_links":{"self":[{"href":"https:\/\/stade28.net\/index.php\/wp-json\/wp\/v2\/posts\/1984","targetHints":{"allow":["GET"]}}],"collection":[{"href":"https:\/\/stade28.net\/index.php\/wp-json\/wp\/v2\/posts"}],"about":[{"href":"https:\/\/stade28.net\/index.php\/wp-json\/wp\/v2\/types\/post"}],"author":[{"embeddable":true,"href":"https:\/\/stade28.net\/index.php\/wp-json\/wp\/v2\/users\/2"}],"replies":[{"embeddable":true,"href":"https:\/\/stade28.net\/index.php\/wp-json\/wp\/v2\/comments?post=1984"}],"version-history":[{"count":0,"href":"https:\/\/stade28.net\/index.php\/wp-json\/wp\/v2\/posts\/1984\/revisions"}],"wp:featuredmedia":[{"embeddable":true,"href":"https:\/\/stade28.net\/index.php\/wp-json\/wp\/v2\/media\/1985"}],"wp:attachment":[{"href":"https:\/\/stade28.net\/index.php\/wp-json\/wp\/v2\/media?parent=1984"}],"wp:term":[{"taxonomy":"category","embeddable":true,"href":"https:\/\/stade28.net\/index.php\/wp-json\/wp\/v2\/categories?post=1984"},{"taxonomy":"post_tag","embeddable":true,"href":"https:\/\/stade28.net\/index.php\/wp-json\/wp\/v2\/tags?post=1984"}],"curies":[{"name":"wp","href":"https:\/\/api.w.org\/{rel}","templated":true}]}}