{"id":1941,"date":"2024-08-03T15:46:39","date_gmt":"2024-08-03T13:46:39","guid":{"rendered":"https:\/\/stade28.net\/?p=1941"},"modified":"2024-08-03T15:46:39","modified_gmt":"2024-08-03T13:46:39","slug":"district-communal-de-football-dixinn-le-journaliste-amadou-labaya-camara-nomme-responsable-de-linformation-et-de-la-communication","status":"publish","type":"post","link":"https:\/\/stade28.net\/index.php\/district-communal-de-football-dixinn-le-journaliste-amadou-labaya-camara-nomme-responsable-de-linformation-et-de-la-communication\/","title":{"rendered":"District Communal de football\/ Dixinn : Le journaliste\u00a0 Amadou Labaya Camara nomm\u00e9\u00a0 Responsable de l&rsquo;Information et de la Communication ."},"content":{"rendered":"<div dir=\"auto\">Il aura d\u00e9sormais la responsabilit\u00e9 d&rsquo;assurer le volet de communication\u00a0 du district de football de la commune de Dixinn situ\u00e9e\u00a0 dans la capitale guin\u00e9enne,\u00a0 Conakry .\u00a0 Amadou Labaya Camara , c&rsquo;est de lui qu&rsquo;il s&rsquo;agit. Journaliste sportif\u00a0 \u00e0 la radio continental FM , il a \u00e9t\u00e9 nomm\u00e9 ce vendredi\u00a0 2 Ao\u00fbt\u00a0 2024 , responsable de l&rsquo;Information et de la Communication du District Communal de Football de Dixinn.<\/div>\n<div dir=\"auto\"><\/div>\n<div dir=\"auto\">C&rsquo;est du moins ce qui ressort des\u00a0 premi\u00e8res nominations du pr\u00e9sident Aboubacar Youssouf Mario\u00a0 CAMARA , apr\u00e8s la mise en place\u00a0 des nouveaux\u00a0 membres du bureau ex\u00e9cutif du district de football de la commune de Dixinn , le 8 Novembre 2023 .<\/div>\n<div dir=\"auto\"><\/div>\n<div dir=\"auto\">Rappelons que, monsieur Amadou Labaya Camara est un journaliste reporter sportif, cordinateur de la\u00a0 cellule de communications\u00a0 du Horoya AC\u00a0 et membre du bureau ex\u00e9cutif de l&rsquo;association de la presse sportive de Guin\u00e9e\u00a0 ( APSG ).<\/div>\n<div dir=\"auto\"><\/div>\n<div dir=\"auto\"><strong>Marif Youla<\/strong><\/div>\n","protected":false},"excerpt":{"rendered":"<p>Il aura d\u00e9sormais la responsabilit\u00e9 d&rsquo;assurer le volet de communication\u00a0 du district de football de la commune de Dixinn situ\u00e9e\u00a0 dans la capitale guin\u00e9enne,\u00a0 Conakry .\u00a0 Amadou Labaya Camara , c&rsquo;est de lui qu&rsquo;il s&rsquo;agit. Journaliste sportif\u00a0 \u00e0 la radio continental FM , il a \u00e9t\u00e9 nomm\u00e9 ce vendredi\u00a0 2 Ao\u00fbt\u00a0 2024 , responsable de [&hellip;]<\/p>\n","protected":false},"author":2,"featured_media":1942,"comment_status":"open","ping_status":"open","sticky":false,"template":"","format":"standard","meta":{"footnotes":""},"categories":[2],"tags":[],"class_list":{"0":"post-1941","1":"post","2":"type-post","3":"status-publish","4":"format-standard","5":"has-post-thumbnail","7":"category-news"},"aioseo_notices":[],"_links":{"self":[{"href":"https:\/\/stade28.net\/index.php\/wp-json\/wp\/v2\/posts\/1941","targetHints":{"allow":["GET"]}}],"collection":[{"href":"https:\/\/stade28.net\/index.php\/wp-json\/wp\/v2\/posts"}],"about":[{"href":"https:\/\/stade28.net\/index.php\/wp-json\/wp\/v2\/types\/post"}],"author":[{"embeddable":true,"href":"https:\/\/stade28.net\/index.php\/wp-json\/wp\/v2\/users\/2"}],"replies":[{"embeddable":true,"href":"https:\/\/stade28.net\/index.php\/wp-json\/wp\/v2\/comments?post=1941"}],"version-history":[{"count":0,"href":"https:\/\/stade28.net\/index.php\/wp-json\/wp\/v2\/posts\/1941\/revisions"}],"wp:featuredmedia":[{"embeddable":true,"href":"https:\/\/stade28.net\/index.php\/wp-json\/wp\/v2\/media\/1942"}],"wp:attachment":[{"href":"https:\/\/stade28.net\/index.php\/wp-json\/wp\/v2\/media?parent=1941"}],"wp:term":[{"taxonomy":"category","embeddable":true,"href":"https:\/\/stade28.net\/index.php\/wp-json\/wp\/v2\/categories?post=1941"},{"taxonomy":"post_tag","embeddable":true,"href":"https:\/\/stade28.net\/index.php\/wp-json\/wp\/v2\/tags?post=1941"}],"curies":[{"name":"wp","href":"https:\/\/api.w.org\/{rel}","templated":true}]}}