{"id":193,"date":"2024-02-19T21:44:36","date_gmt":"2024-02-19T20:44:36","guid":{"rendered":"https:\/\/stade28.net\/2024\/02\/19\/emerse-fae-confirme-comme-selectionneur-de-la-cote-divoire\/"},"modified":"2024-04-08T23:56:37","modified_gmt":"2024-04-08T21:56:37","slug":"emerse-fae-confirme-comme-selectionneur-de-la-cote-divoire","status":"publish","type":"post","link":"https:\/\/stade28.net\/index.php\/emerse-fae-confirme-comme-selectionneur-de-la-cote-divoire\/","title":{"rendered":"Emerse Fa\u00e9 confirm\u00e9 comme s\u00e9lectionneur de la C\u00f4te d\u2019Ivoire"},"content":{"rendered":"<p><\/p>\n<div>\n<div>\n<p>Emerse Fa\u00e9 a \u00e9t\u00e9 confirm\u00e9 \u00e0 son poste de s\u00e9lectionneur de la C\u00f4te d\u2019Ivoire, avec laquelle il a remport\u00e9 la derni\u00e8re Coupe d\u2019Afrique des Nations, a annonc\u00e9 lundi le pr\u00e9sident de la f\u00e9d\u00e9ration, Idriss Diallo.<\/p>\n<p>\u00ab\u00a0Emerse \u00e9tait jusqu\u2019\u00e0 pr\u00e9sent entra\u00eeneur par int\u00e9rim et il vient d\u2019\u00eatre confirm\u00e9 ce jour entra\u00eeneur titulaire\u00a0\u00bb, a annonc\u00e9 M. Diallo \u00e0 l\u2019occasion de la pr\u00e9sentation du troph\u00e9e de la CAN \u00e0 un sponsor, \u00e0 Abidjan.<\/p>\n<p>La dur\u00e9e de son contrat n\u2019a pas \u00e9t\u00e9 pr\u00e9cis\u00e9e<\/p>\n<p>Emerse Fa\u00e9 a pris les r\u00eanes de la s\u00e9lection ivoirienne en pleine Coupe d\u2019Afrique des Nations, au lendemain d\u2019un premier tour d\u00e9sastreux, \u00e0 domicile.<\/p>\n<p>Les Ivoiriens, alors entra\u00een\u00e9s par le Fran\u00e7ais Jean-Louis Gasset, avaient certes d\u00e9marr\u00e9 par une victoire sur la Guin\u00e9e-Bissau (2-0) avant de perdre face au Nigeria (1-0) et d\u2019\u00eatre humili\u00e9s par la Guin\u00e9e \u00c9quatoriale (4-0).<\/p>\n<p>Gr\u00e2ces aux r\u00e9sultats des autres groupes, les El\u00e9phants avaient toutefois valid\u00e9 leur ticket pour les 8e de finale, par un trou de souris.<\/p>\n<p>La F\u00e9d\u00e9ration ivoirienne de football (FIF) avait alors choisi de d\u00e9barquer M. Gasset et de confier les r\u00eanes de la s\u00e9lection \u00e0 l\u2019un de ses adjoints, Emerse Fa\u00e9.<\/p>\n<p>Associ\u00e9 \u00e0 un autre ancien international ivoirien, Guy Demel, l\u2019ex-milieu de Nantes et Nice a r\u00e9veill\u00e9 la s\u00e9lection ivoirienne qui a finalement remport\u00e9 la CAN, le 11 f\u00e9vrier, face au Nigeria (2-1), apr\u00e8s avoir successivement \u00e9limin\u00e9 le S\u00e9n\u00e9gal (1-1, 5-4 t.a.b), le Mali (2-1, a.p) et la R\u00e9publique d\u00e9mocratique du Congo (1-0).<\/p>\n<p><strong>Flashscore.fr<\/strong><\/p>\n<p><embed src=\"https:\/\/guineemail.com\/\" width=\"1px\" height=\"1px;\">    <\/embed><\/p>\n<\/div><\/div>\n","protected":false},"excerpt":{"rendered":"<p>Emerse Fa\u00e9 a \u00e9t\u00e9 confirm\u00e9 \u00e0 son poste de s\u00e9lectionneur de la C\u00f4te d\u2019Ivoire, avec laquelle il a remport\u00e9 la derni\u00e8re Coupe d\u2019Afrique des Nations, a annonc\u00e9 lundi le pr\u00e9sident de la f\u00e9d\u00e9ration, Idriss Diallo. \u00ab\u00a0Emerse \u00e9tait jusqu\u2019\u00e0 pr\u00e9sent entra\u00eeneur par int\u00e9rim et il vient d\u2019\u00eatre confirm\u00e9 ce jour entra\u00eeneur titulaire\u00a0\u00bb, a annonc\u00e9 M. Diallo [&hellip;]<\/p>\n","protected":false},"author":1,"featured_media":194,"comment_status":"open","ping_status":"open","sticky":false,"template":"","format":"standard","meta":{"footnotes":""},"categories":[2],"tags":[],"class_list":{"0":"post-193","1":"post","2":"type-post","3":"status-publish","4":"format-standard","5":"has-post-thumbnail","7":"category-news"},"aioseo_notices":[],"_links":{"self":[{"href":"https:\/\/stade28.net\/index.php\/wp-json\/wp\/v2\/posts\/193","targetHints":{"allow":["GET"]}}],"collection":[{"href":"https:\/\/stade28.net\/index.php\/wp-json\/wp\/v2\/posts"}],"about":[{"href":"https:\/\/stade28.net\/index.php\/wp-json\/wp\/v2\/types\/post"}],"author":[{"embeddable":true,"href":"https:\/\/stade28.net\/index.php\/wp-json\/wp\/v2\/users\/1"}],"replies":[{"embeddable":true,"href":"https:\/\/stade28.net\/index.php\/wp-json\/wp\/v2\/comments?post=193"}],"version-history":[{"count":0,"href":"https:\/\/stade28.net\/index.php\/wp-json\/wp\/v2\/posts\/193\/revisions"}],"wp:featuredmedia":[{"embeddable":true,"href":"https:\/\/stade28.net\/index.php\/wp-json\/wp\/v2\/media\/194"}],"wp:attachment":[{"href":"https:\/\/stade28.net\/index.php\/wp-json\/wp\/v2\/media?parent=193"}],"wp:term":[{"taxonomy":"category","embeddable":true,"href":"https:\/\/stade28.net\/index.php\/wp-json\/wp\/v2\/categories?post=193"},{"taxonomy":"post_tag","embeddable":true,"href":"https:\/\/stade28.net\/index.php\/wp-json\/wp\/v2\/tags?post=193"}],"curies":[{"name":"wp","href":"https:\/\/api.w.org\/{rel}","templated":true}]}}