{"id":1897,"date":"2024-07-27T12:42:06","date_gmt":"2024-07-27T10:42:06","guid":{"rendered":"https:\/\/stade28.net\/?p=1897"},"modified":"2024-07-27T12:47:12","modified_gmt":"2024-07-27T10:47:12","slug":"discours-du-president-du-cio-lors-de-la-ceremonie-douverture-des-jeux-olympiques-de-paris-2024","status":"publish","type":"post","link":"https:\/\/stade28.net\/index.php\/discours-du-president-du-cio-lors-de-la-ceremonie-douverture-des-jeux-olympiques-de-paris-2024\/","title":{"rendered":"Discours du pr\u00e9sident du CIO lors de la  C\u00e9r\u00e9monie d&rsquo;ouverture des Jeux Olympiques de Paris 2024"},"content":{"rendered":"<p><strong>L&rsquo;int\u00e9gralit\u00e9 du discours prononc\u00e9 aujourd&rsquo;hui, vendredi 26 juillet 2024, par le pr\u00e9sident du Comit\u00e9 International Olympique (CIO), Thomas Bach, \u00e0 la c\u00e9r\u00e9monie d&rsquo;ouverture des Jeux Olympiques de Paris 2024.<\/strong><\/p>\n<p>Bonsoir Paris! Bonsoir la France!<\/p>\n<p>Chers athl\u00e8tes,<\/p>\n<p>Cher Pr\u00e9sident de la R\u00e9publique fran\u00e7aise, Monsieur Emmanuel Macron,<\/p>\n<p>Cher Pr\u00e9sident du comit\u00e9 d\u2019organisation Paris 2024, mon cher ami et coll\u00e8gue olympien, Tony Estanguet,<\/p>\n<p>Madame la Maire de Paris, ch\u00e8re Madame Anne Hidalgo,<\/p>\n<p>Excellences,<\/p>\n<p>Chers amis olympiques,<\/p>\n<p>Enfin, le grand moment est arriv\u00e9 : Bienvenue aux Jeux Olympiques Paris 2024 !<\/p>\n<p>Mes plus vifs remerciements \u00e0 nos aimables h\u00f4tes fran\u00e7ais. Merci de nous accueillir de mani\u00e8re si spectaculaire. La flamme olympique va faire briller Paris et toute la France encore plus fort.<\/p>\n<p>Nous sommes immens\u00e9ment reconnaissants \u00e0 tous nos amis fran\u00e7ais. En premier lieu au pr\u00e9sident de la R\u00e9publique. Toute notre gratitude va aussi aux pouvoirs publics \u00e0 tous les niveaux, ainsi qu\u2019au comit\u00e9 d\u2019organisation Paris 2024, sous l\u2019excellent leadership de mon coll\u00e8gue olympien, Tony Estanguet. En ouvrant grand ces Jeux, vous donnez vie aux r\u00e9formes de notre Agenda olympique. Nous allons tous ensemble vivre des Jeux Olympiques plus inclusifs, plus urbains, plus jeunes, plus durables \u2013 les premiers Jeux Olympiques avec une parit\u00e9 totale femmes-hommes sur l\u2019aire de comp\u00e9tition.<\/p>\n<p>Un merci tout particulier aux milliers de volontaires. Merci pour votre engagement. Vos sourires nous font tomber encore plus amoureux de Paris et de la France.<\/p>\n<p>Tous nos remerciements vont aux \u00e9quipes du comit\u00e9 d\u2019organisation, des services de l\u2019Etat et \u00e0 tout le monde qui contribue \u00e0 faire de ces Jeux Olympiques une exp\u00e9rience inoubliable.<\/p>\n<p>Quel plus bel endroit que Paris, pour partager avec le monde entier cette magie des Jeux Olympiques.<\/p>\n<p>Paris, Ville natale de notre fondateur, Pierre de Coubertin, \u00e0 qui nous devons tout.<\/p>\n<p>Paris, Ville lumi\u00e8re, o\u00f9 il a cr\u00e9\u00e9 les Jeux Olympiques modernes.<\/p>\n<p>Paris, Ville de l\u2019amour.<\/p>\n<p>Merci, la France pour cet accueil magique.<\/p>\n<p>Chers coll\u00e8gues athl\u00e8tes,<\/p>\n<p>C\u2019est l\u2019apog\u00e9e de votre parcours olympique. Vous \u00eates venus \u00e0 Paris en tant qu\u2019athl\u00e8tes. Maintenant, vous \u00eates des olympiennes et des olympiens.<\/p>\n<p>En entrant dans le village olympique, vous r\u00e9alisez, comme des g\u00e9n\u00e9rations d\u2019athl\u00e8tes olympiques avant vous : je fais d\u00e9sormais partie de quelque chose de plus grand que moi. Nous participons d\u00e9sormais \u00e0 un \u00e9v\u00e9nement qui unit le monde dans la paix.<\/p>\n<p>Dans notre monde olympique, il n\u2019y a pas de \u00ab Sud global \u00bb ni de \u00ab Nord global \u00bb. Nous respectons tous les m\u00eames r\u00e8gles et nous nous respectons les uns les autres. Nous appartenons tous \u00e0 ce monde olympique.<\/p>\n<p>En tant qu\u2019olympiens, nous prenons soin les uns des autres. Nous ne nous respectons pas seulement les uns les autres, nous vivons en solidarit\u00e9 les uns avec les autres. Vous avez toutes et tous v\u00e9cu cela et b\u00e9n\u00e9fici\u00e9 de notre solidarit\u00e9 olympique tout au long de votre long parcours pour devenir enfin des athl\u00e8tes olympiques. Cette solidarit\u00e9 est rendue possible gr\u00e2ce au soutien g\u00e9n\u00e9reux de tous nos d\u00e9tenteurs de droits m\u00e9dias et partenaires TOP. Remercions-les ainsi que toutes celles et ceux qui vous ont soutenus dans votre parcours olympique.<\/p>\n<p>Dans un monde d\u00e9chir\u00e9 par les guerres et les conflits, c&rsquo;est gr\u00e2ce \u00e0 cette solidarit\u00e9 que nous pouvons tous nous rassembler ce soir, en r\u00e9unissant les athl\u00e8tes des territoires de tous les 206 Comit\u00e9s Nationaux Olympiques et l&rsquo;\u00e9quipe olympique des r\u00e9fugi\u00e9s du CIO.<\/p>\n<p>Bienvenue aux meilleurs athl\u00e8tes du monde \u2013 bienvenue \u00e0 vous, olympiennes et olympiens !<\/p>\n<p>Certains diront peut-\u00eatre que nous, dans le monde olympique, sommes des r\u00eaveurs.<\/p>\n<p>Mais nous ne sommes pas les seuls.<\/p>\n<p>Notre r\u00eave se r\u00e9alise ici m\u00eame : une r\u00e9alit\u00e9 visible par tous. Des athl\u00e8tes olympiques du monde entier nous montrent de quelle grandeur nous, les humains, sommes capables.<\/p>\n<p>Alors j&rsquo;invite tout le monde : r\u00eavez avec nous. Comme les athl\u00e8tes olympiques, laissez-vous inspirer par la joie que seul le sport peut nous procurer. C\u00e9l\u00e9brons cet esprit olympique de solidarit\u00e9 en vivant en paix, comme une seule humanit\u00e9, unis dans toute notre diversit\u00e9.<\/p>\n<p>C&rsquo;est pourquoi ce soir, le c\u0153ur rempli de fortes \u00e9motions, j&rsquo;invite le monde entier : c\u00e9l\u00e9brons ensemble avec tous les athl\u00e8tes cette joie du sport. Ayez foi en l\u2019avenir. Ensemble, c\u00e9l\u00e9brons le meilleur de notre humanit\u00e9 commune.<\/p>\n<p>Vive les Jeux Olympiques ! Vive la France !<\/p>\n<p>Maintenant, j\u2019ai le grand honneur d&rsquo;inviter le Pr\u00e9sident de la R\u00e9publique fran\u00e7aise, Monsieur Emmanuel Macron, \u00e0 d\u00e9clarer ouverts les Jeux de la 33e Olympiade Paris 2024.<\/p>\n<p><strong>CIO<\/strong><\/p>\n","protected":false},"excerpt":{"rendered":"<p>L&rsquo;int\u00e9gralit\u00e9 du discours prononc\u00e9 aujourd&rsquo;hui, vendredi 26 juillet 2024, par le pr\u00e9sident du Comit\u00e9 International Olympique (CIO), Thomas Bach, \u00e0 la c\u00e9r\u00e9monie d&rsquo;ouverture des Jeux Olympiques de Paris 2024. Bonsoir Paris! Bonsoir la France! Chers athl\u00e8tes, Cher Pr\u00e9sident de la R\u00e9publique fran\u00e7aise, Monsieur Emmanuel Macron, Cher Pr\u00e9sident du comit\u00e9 d\u2019organisation Paris 2024, mon cher ami [&hellip;]<\/p>\n","protected":false},"author":2,"featured_media":1898,"comment_status":"open","ping_status":"open","sticky":false,"template":"","format":"standard","meta":{"footnotes":""},"categories":[2],"tags":[],"class_list":{"0":"post-1897","1":"post","2":"type-post","3":"status-publish","4":"format-standard","5":"has-post-thumbnail","7":"category-news"},"aioseo_notices":[],"_links":{"self":[{"href":"https:\/\/stade28.net\/index.php\/wp-json\/wp\/v2\/posts\/1897","targetHints":{"allow":["GET"]}}],"collection":[{"href":"https:\/\/stade28.net\/index.php\/wp-json\/wp\/v2\/posts"}],"about":[{"href":"https:\/\/stade28.net\/index.php\/wp-json\/wp\/v2\/types\/post"}],"author":[{"embeddable":true,"href":"https:\/\/stade28.net\/index.php\/wp-json\/wp\/v2\/users\/2"}],"replies":[{"embeddable":true,"href":"https:\/\/stade28.net\/index.php\/wp-json\/wp\/v2\/comments?post=1897"}],"version-history":[{"count":0,"href":"https:\/\/stade28.net\/index.php\/wp-json\/wp\/v2\/posts\/1897\/revisions"}],"wp:featuredmedia":[{"embeddable":true,"href":"https:\/\/stade28.net\/index.php\/wp-json\/wp\/v2\/media\/1898"}],"wp:attachment":[{"href":"https:\/\/stade28.net\/index.php\/wp-json\/wp\/v2\/media?parent=1897"}],"wp:term":[{"taxonomy":"category","embeddable":true,"href":"https:\/\/stade28.net\/index.php\/wp-json\/wp\/v2\/categories?post=1897"},{"taxonomy":"post_tag","embeddable":true,"href":"https:\/\/stade28.net\/index.php\/wp-json\/wp\/v2\/tags?post=1897"}],"curies":[{"name":"wp","href":"https:\/\/api.w.org\/{rel}","templated":true}]}}