{"id":1846,"date":"2024-07-23T09:16:17","date_gmt":"2024-07-23T07:16:17","guid":{"rendered":"https:\/\/stade28.net\/?p=1846"},"modified":"2024-07-23T09:17:31","modified_gmt":"2024-07-23T07:17:31","slug":"fermeture-des-bureaux-du-ministere-de-la-jeunesse-et-des-sports-le-ministre-bogola-haba-donne-sa-version-des-faits","status":"publish","type":"post","link":"https:\/\/stade28.net\/index.php\/fermeture-des-bureaux-du-ministere-de-la-jeunesse-et-des-sports-le-ministre-bogola-haba-donne-sa-version-des-faits\/","title":{"rendered":"FERMETURE DES BUREAUX DU MINIST\u00c8RE DE LA JEUNESSE ET DES SPORTS : LE MINISTRE BOGOLA HABA DONNE SA VERSION DES FAITS !"},"content":{"rendered":"<p>Ce lundi 22 juillet 2024 \u00e0 Conakry, les bureaux du Minist\u00e8re de la Jeunesse et des Sports ont \u00e9t\u00e9 ferm\u00e9s, voire cadenass\u00e9s, par l\u2019administrateur de l\u2019immeuble\u00a0 &lt;&lt;YANSANEYA &gt;&gt; abritant ledit minist\u00e8re. La cause de cette fermeture serait le non-paiement d\u2019un loyer s\u2019\u00e9levant \u00e0 plusieurs milliards de francs guin\u00e9ens, selon le site stade28.net.<\/p>\n<p><img loading=\"lazy\" decoding=\"async\" class=\"alignnone size-medium wp-image-1848\" src=\"https:\/\/stade28.net\/wp-content\/uploads\/2024\/07\/FB_IMG_1721649564240-183x300.jpg\" alt=\"\" width=\"183\" height=\"300\" srcset=\"https:\/\/stade28.net\/wp-content\/uploads\/2024\/07\/FB_IMG_1721649564240-183x300.jpg 183w, https:\/\/stade28.net\/wp-content\/uploads\/2024\/07\/FB_IMG_1721649564240-623x1024.jpg 623w, https:\/\/stade28.net\/wp-content\/uploads\/2024\/07\/FB_IMG_1721649564240-768x1262.jpg 768w, https:\/\/stade28.net\/wp-content\/uploads\/2024\/07\/FB_IMG_1721649564240-935x1536.jpg 935w, https:\/\/stade28.net\/wp-content\/uploads\/2024\/07\/FB_IMG_1721649564240-150x247.jpg 150w, https:\/\/stade28.net\/wp-content\/uploads\/2024\/07\/FB_IMG_1721649564240-300x493.jpg 300w, https:\/\/stade28.net\/wp-content\/uploads\/2024\/07\/FB_IMG_1721649564240-696x1144.jpg 696w, https:\/\/stade28.net\/wp-content\/uploads\/2024\/07\/FB_IMG_1721649564240-1068x1755.jpg 1068w, https:\/\/stade28.net\/wp-content\/uploads\/2024\/07\/FB_IMG_1721649564240-256x420.jpg 256w, https:\/\/stade28.net\/wp-content\/uploads\/2024\/07\/FB_IMG_1721649564240-610x1003.jpg 610w, https:\/\/stade28.net\/wp-content\/uploads\/2024\/07\/FB_IMG_1721649564240.jpg 1080w\" sizes=\"auto, (max-width: 183px) 100vw, 183px\" \/><\/p>\n<p><img loading=\"lazy\" decoding=\"async\" class=\"alignnone size-medium wp-image-1849\" src=\"https:\/\/stade28.net\/wp-content\/uploads\/2024\/07\/IMG-20240722-WA0026-300x135.jpg\" alt=\"\" width=\"300\" height=\"135\" srcset=\"https:\/\/stade28.net\/wp-content\/uploads\/2024\/07\/IMG-20240722-WA0026-300x135.jpg 300w, https:\/\/stade28.net\/wp-content\/uploads\/2024\/07\/IMG-20240722-WA0026-768x346.jpg 768w, https:\/\/stade28.net\/wp-content\/uploads\/2024\/07\/IMG-20240722-WA0026-150x68.jpg 150w, https:\/\/stade28.net\/wp-content\/uploads\/2024\/07\/IMG-20240722-WA0026-696x313.jpg 696w, https:\/\/stade28.net\/wp-content\/uploads\/2024\/07\/IMG-20240722-WA0026-933x420.jpg 933w, https:\/\/stade28.net\/wp-content\/uploads\/2024\/07\/IMG-20240722-WA0026-610x275.jpg 610w, https:\/\/stade28.net\/wp-content\/uploads\/2024\/07\/IMG-20240722-WA0026.jpg 1020w\" sizes=\"auto, (max-width: 300px) 100vw, 300px\" \/><\/p>\n<p>Face \u00e0 cette situation, le ministre K\u00e9amou Bogola Haba, \u00e0 travers un communiqu\u00e9 public, a apport\u00e9 des pr\u00e9cisions sur ce sujet qui fait le tour de la toile : &lt;&lt; Nous avons constat\u00e9 avec regret et stup\u00e9faction la fermeture unilat\u00e9rale et sans pr\u00e9avis des locaux de l&rsquo;immeuble YANSANEYA abritant les services du Minist\u00e8re de la Jeunesse et des Sports. Cette situation affecte s\u00e9rieusement le fonctionnement normal des services du Minist\u00e8re et impacte n\u00e9gativement le service public de l&rsquo;\u00c9tat guin\u00e9en. Nous rappelons que, dans le cadre de la r\u00e9solution de cette incompr\u00e9hension, nous avons sign\u00e9 avec vous un accord qui stipule en son article 4 que le pr\u00e9sent bail est consenti et accept\u00e9 pour une dur\u00e9e de deux (2) ans et trois (3) mois, dont le bailleur du contrat a d\u00e9j\u00e0 b\u00e9n\u00e9fici\u00e9 d\u2019un an de paiement pour la p\u00e9riode du 1er mai 2022 au 30 avril 2023. Le preneur reste redevable d\u2019un an de loyer, plus trois mois de pr\u00e9avis pour la p\u00e9riode du 1er mai 2023 au 31 juillet 2024. \u00c0 l&rsquo;expiration de la dur\u00e9e ci-dessus fix\u00e9e et \u00e0 d\u00e9faut de cong\u00e9, le contrat sera reconduit d&rsquo;accord partie, &gt;&gt; a pr\u00e9cis\u00e9 le ministre dans un communiqu\u00e9.<\/p>\n<p>En cons\u00e9quence, le ministre des Sports guin\u00e9en a ajout\u00e9 dans le m\u00eame communiqu\u00e9 : &lt;&lt; Nous avons le droit de jouissance des lieux conform\u00e9ment aux clauses contractuelles, et les proc\u00e9dures administratives engag\u00e9es sont en cours pour le r\u00e8glement du solde. \u00c0 cet effet, nous vous invitons \u00e0 rouvrir les locaux pour faciliter le fonctionnement normal des services et le processus de d\u00e9m\u00e9nagement au moment venu. Toutefois, nous restons \u00e0 votre disposition pour tout r\u00e8glement \u00e0 l&rsquo;amiable, &gt;&gt; a-t-il ajout\u00e9.<\/p>\n<p>Avant ce communiqu\u00e9, le ministre de la Jeunesse et des Sports avait fait une sortie sur sa page Facebook pour annoncer de bonnes nouvelles en faveur de son d\u00e9partement : &lt;&lt;Gr\u00e2ce \u00e0 Dieu et au Pr\u00e9sident Mamadi Doumbouya, le Minist\u00e8re de la Jeunesse et des Sports va d\u00e9m\u00e9nager sous peu, \u00e9vitant ainsi de continuer \u00e0 payer annuellement 7 milliards GNF de loyer depuis 2011. Merci \u00e0 tous ceux qui \u0153uvrent jour et nuit pour rendre ce d\u00e9m\u00e9nagement possible depuis notre prise de fonction. \u00c0 c\u0153ur vaillant, rien n&rsquo;est impossible,&gt;&gt; a d\u00e9clar\u00e9 K\u00e9amou Bogola Haba.<\/p>\n<p><strong>Marif Youla\u00a0<\/strong><\/p>\n","protected":false},"excerpt":{"rendered":"<p>Ce lundi 22 juillet 2024 \u00e0 Conakry, les bureaux du Minist\u00e8re de la Jeunesse et des Sports ont \u00e9t\u00e9 ferm\u00e9s, voire cadenass\u00e9s, par l\u2019administrateur de l\u2019immeuble\u00a0 &lt;&lt;YANSANEYA &gt;&gt; abritant ledit minist\u00e8re. La cause de cette fermeture serait le non-paiement d\u2019un loyer s\u2019\u00e9levant \u00e0 plusieurs milliards de francs guin\u00e9ens, selon le site stade28.net. Face \u00e0 cette [&hellip;]<\/p>\n","protected":false},"author":2,"featured_media":1847,"comment_status":"open","ping_status":"open","sticky":false,"template":"","format":"standard","meta":{"footnotes":""},"categories":[2],"tags":[],"class_list":{"0":"post-1846","1":"post","2":"type-post","3":"status-publish","4":"format-standard","5":"has-post-thumbnail","7":"category-news"},"aioseo_notices":[],"_links":{"self":[{"href":"https:\/\/stade28.net\/index.php\/wp-json\/wp\/v2\/posts\/1846","targetHints":{"allow":["GET"]}}],"collection":[{"href":"https:\/\/stade28.net\/index.php\/wp-json\/wp\/v2\/posts"}],"about":[{"href":"https:\/\/stade28.net\/index.php\/wp-json\/wp\/v2\/types\/post"}],"author":[{"embeddable":true,"href":"https:\/\/stade28.net\/index.php\/wp-json\/wp\/v2\/users\/2"}],"replies":[{"embeddable":true,"href":"https:\/\/stade28.net\/index.php\/wp-json\/wp\/v2\/comments?post=1846"}],"version-history":[{"count":0,"href":"https:\/\/stade28.net\/index.php\/wp-json\/wp\/v2\/posts\/1846\/revisions"}],"wp:featuredmedia":[{"embeddable":true,"href":"https:\/\/stade28.net\/index.php\/wp-json\/wp\/v2\/media\/1847"}],"wp:attachment":[{"href":"https:\/\/stade28.net\/index.php\/wp-json\/wp\/v2\/media?parent=1846"}],"wp:term":[{"taxonomy":"category","embeddable":true,"href":"https:\/\/stade28.net\/index.php\/wp-json\/wp\/v2\/categories?post=1846"},{"taxonomy":"post_tag","embeddable":true,"href":"https:\/\/stade28.net\/index.php\/wp-json\/wp\/v2\/tags?post=1846"}],"curies":[{"name":"wp","href":"https:\/\/api.w.org\/{rel}","templated":true}]}}