{"id":1817,"date":"2024-07-21T12:21:41","date_gmt":"2024-07-21T10:21:41","guid":{"rendered":"https:\/\/stade28.net\/?p=1817"},"modified":"2024-07-21T20:49:24","modified_gmt":"2024-07-21T18:49:24","slug":"football-la-depouille-de-salifou-camara-super-v-est-arrivee-a-conakry-pour-la-veillee-funebre","status":"publish","type":"post","link":"https:\/\/stade28.net\/index.php\/football-la-depouille-de-salifou-camara-super-v-est-arrivee-a-conakry-pour-la-veillee-funebre\/","title":{"rendered":"Football : La d\u00e9pouille de Salifou Camara \u00ab Super V \u00bb est arriv\u00e9e \u00e0 Conakry pour la veill\u00e9e fun\u00e8bre"},"content":{"rendered":"<p>Le cercueil contenant le corps de Salifou Camara, connu sous le surnom de \u00ab Super V \u00bb, ancien pr\u00e9sident de la F\u00e9guifoot, d\u00e9c\u00e9d\u00e9 \u00e0 Paris en France, est arriv\u00e9 cette nuit du samedi 21 juillet 2024 \u00e0 Conakry, o\u00f9 se tiendra la veill\u00e9e fun\u00e8bre, selon un communiqu\u00e9 de la F\u00e9guifoot. Il a \u00e9t\u00e9 transport\u00e9 par un vol Air France, accompagn\u00e9 d&rsquo;un important dispositif de s\u00e9curit\u00e9, a constat\u00e9 stade28.net.<\/p>\n<p>\u00c0 l&rsquo;a\u00e9roport international Ahmed S\u00e9kou Tour\u00e9 de Conakry, plusieurs personnalit\u00e9s du monde du football national ont fait le d\u00e9placement pour accueillir la d\u00e9pouille de Salifou Camara \u00ab Super V \u00bb. Parmi elles figuraient les membres du comit\u00e9 ex\u00e9cutif de la F\u00e9guifoot, dont notamment le pr\u00e9sident Aboubacar Dinah Sampil, le secr\u00e9taire g\u00e9n\u00e9ral Ibrahima Blasco Barry, le responsable Int\u00e9grit\u00e9 de la F\u00e9guifoot Abdoulaye Cond\u00e9, ainsi que Z\u00e9b\u00e9la Togba Pivi, le directeur national des sports et des activit\u00e9s physiques du minist\u00e8re de la Jeunesse et des Sports. La famille biologique, des proches, des collaborateurs et de nombreuses autres personnes \u00e9taient \u00e9galement pr\u00e9sents sur les lieux.<\/p>\n<p>Selon le communiqu\u00e9 publi\u00e9 par la F\u00e9guifoot, les obs\u00e8ques de feu Salifou Camara \u00ab Super V \u00bb auront lieu le dimanche 21 juillet 2024 selon le programme suivant :<\/p>\n<p>&#8211; 09h00 : Lev\u00e9e du corps \u00e0 la morgue de l\u2019h\u00f4pital Ignace Deen<br \/>\n&#8211; 10h00 : Symposium au Palais du Peuple de Conakry<br \/>\n&#8211; 13h30 : Pri\u00e8res fun\u00e8bres \u00e0 la Grande Mosqu\u00e9e Fay\u00e7al<br \/>\n&#8211; 14h00 : Inhumation \u00e0 son domicile situ\u00e9 \u00e0 Ratoma<\/p>\n<p>Pour rappel, le d\u00e9c\u00e8s de Salifou Camara \u00ab Super V \u00bb est survenu lundi dernier \u00e0 la suite d\u2019un accident vasculaire c\u00e9r\u00e9bral (AVC) \u00e0 Paris.<\/p>\n<p>Que notre regrett\u00e9 pr\u00e9sident repose en paix ! Amina.<\/p>\n<p><strong>Marif Youla\u00a0<\/strong><\/p>\n","protected":false},"excerpt":{"rendered":"<p>Le cercueil contenant le corps de Salifou Camara, connu sous le surnom de \u00ab Super V \u00bb, ancien pr\u00e9sident de la F\u00e9guifoot, d\u00e9c\u00e9d\u00e9 \u00e0 Paris en France, est arriv\u00e9 cette nuit du samedi 21 juillet 2024 \u00e0 Conakry, o\u00f9 se tiendra la veill\u00e9e fun\u00e8bre, selon un communiqu\u00e9 de la F\u00e9guifoot. Il a \u00e9t\u00e9 transport\u00e9 par [&hellip;]<\/p>\n","protected":false},"author":2,"featured_media":1818,"comment_status":"open","ping_status":"open","sticky":false,"template":"","format":"standard","meta":{"footnotes":""},"categories":[2],"tags":[],"class_list":{"0":"post-1817","1":"post","2":"type-post","3":"status-publish","4":"format-standard","5":"has-post-thumbnail","7":"category-news"},"aioseo_notices":[],"_links":{"self":[{"href":"https:\/\/stade28.net\/index.php\/wp-json\/wp\/v2\/posts\/1817","targetHints":{"allow":["GET"]}}],"collection":[{"href":"https:\/\/stade28.net\/index.php\/wp-json\/wp\/v2\/posts"}],"about":[{"href":"https:\/\/stade28.net\/index.php\/wp-json\/wp\/v2\/types\/post"}],"author":[{"embeddable":true,"href":"https:\/\/stade28.net\/index.php\/wp-json\/wp\/v2\/users\/2"}],"replies":[{"embeddable":true,"href":"https:\/\/stade28.net\/index.php\/wp-json\/wp\/v2\/comments?post=1817"}],"version-history":[{"count":0,"href":"https:\/\/stade28.net\/index.php\/wp-json\/wp\/v2\/posts\/1817\/revisions"}],"wp:featuredmedia":[{"embeddable":true,"href":"https:\/\/stade28.net\/index.php\/wp-json\/wp\/v2\/media\/1818"}],"wp:attachment":[{"href":"https:\/\/stade28.net\/index.php\/wp-json\/wp\/v2\/media?parent=1817"}],"wp:term":[{"taxonomy":"category","embeddable":true,"href":"https:\/\/stade28.net\/index.php\/wp-json\/wp\/v2\/categories?post=1817"},{"taxonomy":"post_tag","embeddable":true,"href":"https:\/\/stade28.net\/index.php\/wp-json\/wp\/v2\/tags?post=1817"}],"curies":[{"name":"wp","href":"https:\/\/api.w.org\/{rel}","templated":true}]}}