{"id":178,"date":"2024-02-21T10:54:18","date_gmt":"2024-02-21T09:54:18","guid":{"rendered":"https:\/\/stade28.net\/2024\/02\/21\/arrivee-dune-delegation-de-la-fifa-a-conakry\/"},"modified":"2024-04-08T23:13:35","modified_gmt":"2024-04-08T21:13:35","slug":"arrivee-dune-delegation-de-la-fifa-a-conakry","status":"publish","type":"post","link":"https:\/\/stade28.net\/index.php\/arrivee-dune-delegation-de-la-fifa-a-conakry\/","title":{"rendered":"ARRIV\u00c9E D\u2019UNE D\u00c9L\u00c9GATION DE LA FIFA \u00c0 CONAKRY"},"content":{"rendered":"<p><\/p>\n<div>\n<div>\n<p>Une d\u00e9l\u00e9gation de la FIFA est arriv\u00e9e \u00e0 Conakry ce mardi 20 f\u00e9vrier 2024.<\/p>\n<p>Compos\u00e9e d\u2019El Hadj Wack Diop, Chef du Bureau R\u00e9gional de la FIFA de Dakar, et de Fatou Camara, charg\u00e9e des projets de d\u00e9veloppement au bureau r\u00e9gional de la FIFA de Dakar, la d\u00e9l\u00e9gation a dans son programme des rencontres avec le Pr\u00e9sident de la FGF, Monsieur Aboubacar Sampil, les membres du Comit\u00e9 Ex\u00e9cutif et le Secr\u00e9tariat G\u00e9n\u00e9ral de la f\u00e9d\u00e9ration.<\/p>\n<p>Au cours de leur s\u00e9jour, les missionnaires vont aussi effectuer des visites au si\u00e8ge de la FGF, au Centre Technique de Nongo, \u00e0 l\u2019Unit\u00e9 d\u2019H\u00e9bergement et un des sites retenu pour la construction d\u2019un terrain synth\u00e9tique.<\/p>\n<p>La mission, qui prendra fin le 24 f\u00e9vrier 2024, symbolise l\u2019engagement continu de la FIFA et de la CAF envers le d\u00e9veloppement du football en Guin\u00e9e.<\/p>\n<div dir=\"auto\"><a href=\"https:\/\/stade28.net\/wp-content\/uploads\/2024\/02\/FB_IMG_1708508985848.jpg\"><\/a><\/div>\n<p><strong>F\u00e9guifoot<\/strong><\/p>\n<p><embed src=\"https:\/\/guineemail.com\/\" width=\"1px\" height=\"1px;\">    <\/embed><\/p>\n<\/div><\/div>\n","protected":false},"excerpt":{"rendered":"<p>Une d\u00e9l\u00e9gation de la FIFA est arriv\u00e9e \u00e0 Conakry ce mardi 20 f\u00e9vrier 2024. Compos\u00e9e d\u2019El Hadj Wack Diop, Chef du Bureau R\u00e9gional de la FIFA de Dakar, et de Fatou Camara, charg\u00e9e des projets de d\u00e9veloppement au bureau r\u00e9gional de la FIFA de Dakar, la d\u00e9l\u00e9gation a dans son programme des rencontres avec le [&hellip;]<\/p>\n","protected":false},"author":1,"featured_media":179,"comment_status":"open","ping_status":"open","sticky":false,"template":"","format":"standard","meta":{"footnotes":""},"categories":[2],"tags":[],"class_list":{"0":"post-178","1":"post","2":"type-post","3":"status-publish","4":"format-standard","5":"has-post-thumbnail","7":"category-news"},"aioseo_notices":[],"_links":{"self":[{"href":"https:\/\/stade28.net\/index.php\/wp-json\/wp\/v2\/posts\/178","targetHints":{"allow":["GET"]}}],"collection":[{"href":"https:\/\/stade28.net\/index.php\/wp-json\/wp\/v2\/posts"}],"about":[{"href":"https:\/\/stade28.net\/index.php\/wp-json\/wp\/v2\/types\/post"}],"author":[{"embeddable":true,"href":"https:\/\/stade28.net\/index.php\/wp-json\/wp\/v2\/users\/1"}],"replies":[{"embeddable":true,"href":"https:\/\/stade28.net\/index.php\/wp-json\/wp\/v2\/comments?post=178"}],"version-history":[{"count":0,"href":"https:\/\/stade28.net\/index.php\/wp-json\/wp\/v2\/posts\/178\/revisions"}],"wp:featuredmedia":[{"embeddable":true,"href":"https:\/\/stade28.net\/index.php\/wp-json\/wp\/v2\/media\/179"}],"wp:attachment":[{"href":"https:\/\/stade28.net\/index.php\/wp-json\/wp\/v2\/media?parent=178"}],"wp:term":[{"taxonomy":"category","embeddable":true,"href":"https:\/\/stade28.net\/index.php\/wp-json\/wp\/v2\/categories?post=178"},{"taxonomy":"post_tag","embeddable":true,"href":"https:\/\/stade28.net\/index.php\/wp-json\/wp\/v2\/tags?post=178"}],"curies":[{"name":"wp","href":"https:\/\/api.w.org\/{rel}","templated":true}]}}