{"id":1779,"date":"2024-07-17T23:47:19","date_gmt":"2024-07-17T21:47:19","guid":{"rendered":"https:\/\/stade28.net\/?p=1779"},"modified":"2024-07-17T23:47:19","modified_gmt":"2024-07-17T21:47:19","slug":"programme-des-obseques-de-feu-salifou-camara-super-v-ancien-president-de-la-de-la-feguifoot","status":"publish","type":"post","link":"https:\/\/stade28.net\/index.php\/programme-des-obseques-de-feu-salifou-camara-super-v-ancien-president-de-la-de-la-feguifoot\/","title":{"rendered":"PROGRAMME DES OBS\u00c8QUES DE FEU SALIFOU CAMARA \u00ab SUPER V \u00bb, ANCIEN PR\u00c9SIDENT DE LA DE LA F\u00e9guifoot\u00a0"},"content":{"rendered":"<p>Le Comit\u00e9 Ex\u00e9cutif de la F\u00e9d\u00e9ration Guin\u00e9enne de Football informe la famille du football et tout le Peuple de Guin\u00e9e que la d\u00e9pouille mortelle de feu Salifou Camara \u00ab Super V \u00bb ancien Pr\u00e9sident de la F\u00e9d\u00e9ration Guin\u00e9enne de Football arrivera \u00e0 l\u2019A\u00e9roport International Ahmed S\u00e9kou Tour\u00e9, ce Samedi 20 Juillet 2024 par la Compagnie Air France \u00e0 20H 45 GMT.<\/p>\n<p>En cette douloureuse circonstance, le Comit\u00e9 Ex\u00e9cutif de la F\u00e9d\u00e9ration Guin\u00e9enne de Football informe que les obs\u00e8ques de feu Salifou Camara \u00ab Super V \u00bb auront lieu le Dimanche 21 Juillet 2024 selon le programme ci-apr\u00e8s :<\/p>\n<p>09h : Lev\u00e9e du corps \u00e0 la morgue de l\u2019h\u00f4pital Ignace Deen ;<br \/>\n10h : Symposium au Palais du Peuple de Conakry ;<br \/>\n13h30 : Pri\u00e8res fun\u00e8bres \u00e0 la Grande Mosqu\u00e9e Fay\u00e7al ;<br \/>\n14h : Inhumation \u00e0 son domicile sis \u00e0 Ratoma.<\/p>\n<p>Que notre regrett\u00e9 Pr\u00e9sident repose en paix ! Amina !<\/p>\n<p><strong>FGF<\/strong><\/p>\n","protected":false},"excerpt":{"rendered":"<p>Le Comit\u00e9 Ex\u00e9cutif de la F\u00e9d\u00e9ration Guin\u00e9enne de Football informe la famille du football et tout le Peuple de Guin\u00e9e que la d\u00e9pouille mortelle de feu Salifou Camara \u00ab Super V \u00bb ancien Pr\u00e9sident de la F\u00e9d\u00e9ration Guin\u00e9enne de Football arrivera \u00e0 l\u2019A\u00e9roport International Ahmed S\u00e9kou Tour\u00e9, ce Samedi 20 Juillet 2024 par la Compagnie [&hellip;]<\/p>\n","protected":false},"author":2,"featured_media":1780,"comment_status":"open","ping_status":"open","sticky":false,"template":"","format":"standard","meta":{"footnotes":""},"categories":[2],"tags":[],"class_list":{"0":"post-1779","1":"post","2":"type-post","3":"status-publish","4":"format-standard","5":"has-post-thumbnail","7":"category-news"},"aioseo_notices":[],"_links":{"self":[{"href":"https:\/\/stade28.net\/index.php\/wp-json\/wp\/v2\/posts\/1779","targetHints":{"allow":["GET"]}}],"collection":[{"href":"https:\/\/stade28.net\/index.php\/wp-json\/wp\/v2\/posts"}],"about":[{"href":"https:\/\/stade28.net\/index.php\/wp-json\/wp\/v2\/types\/post"}],"author":[{"embeddable":true,"href":"https:\/\/stade28.net\/index.php\/wp-json\/wp\/v2\/users\/2"}],"replies":[{"embeddable":true,"href":"https:\/\/stade28.net\/index.php\/wp-json\/wp\/v2\/comments?post=1779"}],"version-history":[{"count":0,"href":"https:\/\/stade28.net\/index.php\/wp-json\/wp\/v2\/posts\/1779\/revisions"}],"wp:featuredmedia":[{"embeddable":true,"href":"https:\/\/stade28.net\/index.php\/wp-json\/wp\/v2\/media\/1780"}],"wp:attachment":[{"href":"https:\/\/stade28.net\/index.php\/wp-json\/wp\/v2\/media?parent=1779"}],"wp:term":[{"taxonomy":"category","embeddable":true,"href":"https:\/\/stade28.net\/index.php\/wp-json\/wp\/v2\/categories?post=1779"},{"taxonomy":"post_tag","embeddable":true,"href":"https:\/\/stade28.net\/index.php\/wp-json\/wp\/v2\/tags?post=1779"}],"curies":[{"name":"wp","href":"https:\/\/api.w.org\/{rel}","templated":true}]}}