{"id":1769,"date":"2024-07-17T00:30:24","date_gmt":"2024-07-16T22:30:24","guid":{"rendered":"https:\/\/stade28.net\/?p=1769"},"modified":"2024-07-17T00:52:25","modified_gmt":"2024-07-16T22:52:25","slug":"deces-de-salifou-camara-super-v-lufoa-a-presente-ses-condoleances-au-president-de-la-feguifoot","status":"publish","type":"post","link":"https:\/\/stade28.net\/index.php\/deces-de-salifou-camara-super-v-lufoa-a-presente-ses-condoleances-au-president-de-la-feguifoot\/","title":{"rendered":"D\u00e9c\u00e8s de Salifou Camara \u00ab\u00a0Super V\u00a0\u00bb : l&rsquo;UFOA-A pr\u00e9sente ses condol\u00e9ances au pr\u00e9sident de la F\u00e9guifoot"},"content":{"rendered":"<p>Apr\u00e8s la CAF, c&rsquo;est au tour de l&rsquo;Union des F\u00e9d\u00e9rations Ouest-Africaines de Football (UFOA), Zone A, de pr\u00e9senter ses condol\u00e9ances \u00e0 la F\u00e9d\u00e9ration Guin\u00e9enne de Football, sous l&rsquo;\u00e9gide du pr\u00e9sident Aboubacar Sampil, suite \u00e0 la disparition de l&rsquo;ancien pr\u00e9sident de la F\u00e9guifoot, Salifou Camara, dit \u00ab\u00a0Super V\u00a0\u00bb, d\u00e9c\u00e9d\u00e9 ce lundi 15 juillet des suites d&rsquo;un AVC \u00e0 Paris.<\/p>\n<p>Dans son message de condol\u00e9ances, M. Lamin Kaba BAJO, le pr\u00e9sident de l&rsquo;UFOA-A, a \u00e9crit :<\/p>\n<p>Monsieur le Pr\u00e9sident,<\/p>\n<p>Nous avons appris avec une tr\u00e8s grande tristesse la mort de M. Salifou Camara, alias \u2018Super V\u2019, ancien Pr\u00e9sident de la F\u00e9d\u00e9ration Guin\u00e9enne de Football.<\/p>\n<p>Nous gardons de Super V le souvenir d&rsquo;un grand serviteur du football en Guin\u00e9e et en Afrique. Sa disparition est une grande perte pour le monde du football.<\/p>\n<p>Nous tenons, en ces moments douloureux, Monsieur le Pr\u00e9sident, \u00e0 vous exprimer, ainsi qu&rsquo;\u00e0 la famille de Salifou Camara, \u00e0 ses proches et au Peuple de Guin\u00e9e, toute notre sympathie. Nous vous prions de bien vouloir accepter nos tr\u00e8s sinc\u00e8res condol\u00e9ances et nos affectueuses pens\u00e9es.<\/p>\n<p>Que son \u00e2me repose en paix!\u00a0\u00bb<\/p>\n<p><strong>Ci-dessous, la copie de la lettre de condol\u00e9ances<\/strong>.<\/p>\n<p><img loading=\"lazy\" decoding=\"async\" class=\"alignnone size-medium wp-image-1771\" src=\"https:\/\/stade28.net\/wp-content\/uploads\/2024\/07\/Messenger_creation_b16b9f6c-4044-44a6-889e-ed5d374242fc-232x300.jpeg\" alt=\"\" width=\"232\" height=\"300\" srcset=\"https:\/\/stade28.net\/wp-content\/uploads\/2024\/07\/Messenger_creation_b16b9f6c-4044-44a6-889e-ed5d374242fc-232x300.jpeg 232w, https:\/\/stade28.net\/wp-content\/uploads\/2024\/07\/Messenger_creation_b16b9f6c-4044-44a6-889e-ed5d374242fc-791x1024.jpeg 791w, https:\/\/stade28.net\/wp-content\/uploads\/2024\/07\/Messenger_creation_b16b9f6c-4044-44a6-889e-ed5d374242fc-768x994.jpeg 768w, https:\/\/stade28.net\/wp-content\/uploads\/2024\/07\/Messenger_creation_b16b9f6c-4044-44a6-889e-ed5d374242fc-150x194.jpeg 150w, https:\/\/stade28.net\/wp-content\/uploads\/2024\/07\/Messenger_creation_b16b9f6c-4044-44a6-889e-ed5d374242fc-300x388.jpeg 300w, https:\/\/stade28.net\/wp-content\/uploads\/2024\/07\/Messenger_creation_b16b9f6c-4044-44a6-889e-ed5d374242fc-696x901.jpeg 696w, https:\/\/stade28.net\/wp-content\/uploads\/2024\/07\/Messenger_creation_b16b9f6c-4044-44a6-889e-ed5d374242fc-1068x1382.jpeg 1068w, https:\/\/stade28.net\/wp-content\/uploads\/2024\/07\/Messenger_creation_b16b9f6c-4044-44a6-889e-ed5d374242fc-324x420.jpeg 324w, https:\/\/stade28.net\/wp-content\/uploads\/2024\/07\/Messenger_creation_b16b9f6c-4044-44a6-889e-ed5d374242fc-610x790.jpeg 610w, https:\/\/stade28.net\/wp-content\/uploads\/2024\/07\/Messenger_creation_b16b9f6c-4044-44a6-889e-ed5d374242fc.jpeg 1080w\" sizes=\"auto, (max-width: 232px) 100vw, 232px\" \/><\/p>\n<p><strong>Marif Youla<\/strong><\/p>\n","protected":false},"excerpt":{"rendered":"<p>Apr\u00e8s la CAF, c&rsquo;est au tour de l&rsquo;Union des F\u00e9d\u00e9rations Ouest-Africaines de Football (UFOA), Zone A, de pr\u00e9senter ses condol\u00e9ances \u00e0 la F\u00e9d\u00e9ration Guin\u00e9enne de Football, sous l&rsquo;\u00e9gide du pr\u00e9sident Aboubacar Sampil, suite \u00e0 la disparition de l&rsquo;ancien pr\u00e9sident de la F\u00e9guifoot, Salifou Camara, dit \u00ab\u00a0Super V\u00a0\u00bb, d\u00e9c\u00e9d\u00e9 ce lundi 15 juillet des suites d&rsquo;un [&hellip;]<\/p>\n","protected":false},"author":2,"featured_media":1773,"comment_status":"open","ping_status":"open","sticky":false,"template":"","format":"standard","meta":{"footnotes":""},"categories":[2],"tags":[],"class_list":{"0":"post-1769","1":"post","2":"type-post","3":"status-publish","4":"format-standard","5":"has-post-thumbnail","7":"category-news"},"aioseo_notices":[],"_links":{"self":[{"href":"https:\/\/stade28.net\/index.php\/wp-json\/wp\/v2\/posts\/1769","targetHints":{"allow":["GET"]}}],"collection":[{"href":"https:\/\/stade28.net\/index.php\/wp-json\/wp\/v2\/posts"}],"about":[{"href":"https:\/\/stade28.net\/index.php\/wp-json\/wp\/v2\/types\/post"}],"author":[{"embeddable":true,"href":"https:\/\/stade28.net\/index.php\/wp-json\/wp\/v2\/users\/2"}],"replies":[{"embeddable":true,"href":"https:\/\/stade28.net\/index.php\/wp-json\/wp\/v2\/comments?post=1769"}],"version-history":[{"count":0,"href":"https:\/\/stade28.net\/index.php\/wp-json\/wp\/v2\/posts\/1769\/revisions"}],"wp:featuredmedia":[{"embeddable":true,"href":"https:\/\/stade28.net\/index.php\/wp-json\/wp\/v2\/media\/1773"}],"wp:attachment":[{"href":"https:\/\/stade28.net\/index.php\/wp-json\/wp\/v2\/media?parent=1769"}],"wp:term":[{"taxonomy":"category","embeddable":true,"href":"https:\/\/stade28.net\/index.php\/wp-json\/wp\/v2\/categories?post=1769"},{"taxonomy":"post_tag","embeddable":true,"href":"https:\/\/stade28.net\/index.php\/wp-json\/wp\/v2\/tags?post=1769"}],"curies":[{"name":"wp","href":"https:\/\/api.w.org\/{rel}","templated":true}]}}