{"id":1765,"date":"2024-07-16T18:56:38","date_gmt":"2024-07-16T16:56:38","guid":{"rendered":"https:\/\/stade28.net\/?p=1765"},"modified":"2024-07-16T18:56:38","modified_gmt":"2024-07-16T16:56:38","slug":"feguifoot-deces-de-salifou-camara-super-v-la-caf-adresse-ses-condoleances-au-president-aboubacar-dinah-sampil","status":"publish","type":"post","link":"https:\/\/stade28.net\/index.php\/feguifoot-deces-de-salifou-camara-super-v-la-caf-adresse-ses-condoleances-au-president-aboubacar-dinah-sampil\/","title":{"rendered":"Feguifoot \/ D\u00e9c\u00e8s de Salifou Camara \u00ab\u00a0Super V\u00a0\u00bb : la CAF adresse ses condol\u00e9ances au Pr\u00e9sident Aboubacar Dinah Sampil"},"content":{"rendered":"<p>Suite au d\u00e9c\u00e8s de l&rsquo;ancien Pr\u00e9sident de la F\u00e9d\u00e9ration Guin\u00e9enne de Football, Salifou Camara, dit \u00ab\u00a0Super V\u00a0\u00bb, survenu hier lundi des suites d\u2019un accident vasculaire c\u00e9r\u00e9bral (AVC) \u00e0 Paris, en France, la Conf\u00e9d\u00e9ration Africaine de Football (CAF) a adress\u00e9 un message de condol\u00e9ances au Pr\u00e9sident de la F\u00e9guifoot, Monsieur Aboubacar Dinah Sampil.<\/p>\n<p><strong>D\u00e9couvrez ci-dessous la lettre de condol\u00e9ances de la CAF \u00e0 la F\u00e9guifoot :<\/strong><\/p>\n<p><img loading=\"lazy\" decoding=\"async\" class=\"alignnone size-medium wp-image-1767\" src=\"https:\/\/stade28.net\/wp-content\/uploads\/2024\/07\/received_1934325573684085-215x300.jpeg\" alt=\"\" width=\"215\" height=\"300\" srcset=\"https:\/\/stade28.net\/wp-content\/uploads\/2024\/07\/received_1934325573684085-215x300.jpeg 215w, https:\/\/stade28.net\/wp-content\/uploads\/2024\/07\/received_1934325573684085-735x1024.jpeg 735w, https:\/\/stade28.net\/wp-content\/uploads\/2024\/07\/received_1934325573684085-768x1070.jpeg 768w, https:\/\/stade28.net\/wp-content\/uploads\/2024\/07\/received_1934325573684085-150x209.jpeg 150w, https:\/\/stade28.net\/wp-content\/uploads\/2024\/07\/received_1934325573684085-300x418.jpeg 300w, https:\/\/stade28.net\/wp-content\/uploads\/2024\/07\/received_1934325573684085-696x970.jpeg 696w, https:\/\/stade28.net\/wp-content\/uploads\/2024\/07\/received_1934325573684085-1068x1488.jpeg 1068w, https:\/\/stade28.net\/wp-content\/uploads\/2024\/07\/received_1934325573684085-301x420.jpeg 301w, https:\/\/stade28.net\/wp-content\/uploads\/2024\/07\/received_1934325573684085-610x850.jpeg 610w, https:\/\/stade28.net\/wp-content\/uploads\/2024\/07\/received_1934325573684085.jpeg 1080w\" sizes=\"auto, (max-width: 215px) 100vw, 215px\" \/><\/p>\n<p><strong>Marif Youla\u00a0<\/strong><\/p>\n","protected":false},"excerpt":{"rendered":"<p>Suite au d\u00e9c\u00e8s de l&rsquo;ancien Pr\u00e9sident de la F\u00e9d\u00e9ration Guin\u00e9enne de Football, Salifou Camara, dit \u00ab\u00a0Super V\u00a0\u00bb, survenu hier lundi des suites d\u2019un accident vasculaire c\u00e9r\u00e9bral (AVC) \u00e0 Paris, en France, la Conf\u00e9d\u00e9ration Africaine de Football (CAF) a adress\u00e9 un message de condol\u00e9ances au Pr\u00e9sident de la F\u00e9guifoot, Monsieur Aboubacar Dinah Sampil. D\u00e9couvrez ci-dessous la [&hellip;]<\/p>\n","protected":false},"author":2,"featured_media":1766,"comment_status":"open","ping_status":"open","sticky":false,"template":"","format":"standard","meta":{"footnotes":""},"categories":[2],"tags":[],"class_list":{"0":"post-1765","1":"post","2":"type-post","3":"status-publish","4":"format-standard","5":"has-post-thumbnail","7":"category-news"},"aioseo_notices":[],"_links":{"self":[{"href":"https:\/\/stade28.net\/index.php\/wp-json\/wp\/v2\/posts\/1765","targetHints":{"allow":["GET"]}}],"collection":[{"href":"https:\/\/stade28.net\/index.php\/wp-json\/wp\/v2\/posts"}],"about":[{"href":"https:\/\/stade28.net\/index.php\/wp-json\/wp\/v2\/types\/post"}],"author":[{"embeddable":true,"href":"https:\/\/stade28.net\/index.php\/wp-json\/wp\/v2\/users\/2"}],"replies":[{"embeddable":true,"href":"https:\/\/stade28.net\/index.php\/wp-json\/wp\/v2\/comments?post=1765"}],"version-history":[{"count":0,"href":"https:\/\/stade28.net\/index.php\/wp-json\/wp\/v2\/posts\/1765\/revisions"}],"wp:featuredmedia":[{"embeddable":true,"href":"https:\/\/stade28.net\/index.php\/wp-json\/wp\/v2\/media\/1766"}],"wp:attachment":[{"href":"https:\/\/stade28.net\/index.php\/wp-json\/wp\/v2\/media?parent=1765"}],"wp:term":[{"taxonomy":"category","embeddable":true,"href":"https:\/\/stade28.net\/index.php\/wp-json\/wp\/v2\/categories?post=1765"},{"taxonomy":"post_tag","embeddable":true,"href":"https:\/\/stade28.net\/index.php\/wp-json\/wp\/v2\/tags?post=1765"}],"curies":[{"name":"wp","href":"https:\/\/api.w.org\/{rel}","templated":true}]}}