{"id":1760,"date":"2024-07-16T00:11:59","date_gmt":"2024-07-15T22:11:59","guid":{"rendered":"https:\/\/stade28.net\/?p=1760"},"modified":"2024-07-16T00:11:59","modified_gmt":"2024-07-15T22:11:59","slug":"guinee-lancien-president-de-la-feguifoot-salifou-camara-super-v-est-decede","status":"publish","type":"post","link":"https:\/\/stade28.net\/index.php\/guinee-lancien-president-de-la-feguifoot-salifou-camara-super-v-est-decede\/","title":{"rendered":"GUIN\u00c9E : l\u2019ancien pr\u00e9sident de la Feguifoot, Salifou Camara \u00ab\u00a0Super V\u00a0\u00bb, est d\u00e9c\u00e9d\u00e9"},"content":{"rendered":"<p>C&rsquo;est avec une grande tristesse que nous apprenons le d\u00e9c\u00e8s de Salifou Camara, surnomm\u00e9 \u00ab\u00a0Super V\u00a0\u00bb, ancien pr\u00e9sident de la F\u00e9d\u00e9ration guin\u00e9enne de Football (Feguifoot). Il est d\u00e9c\u00e9d\u00e9 cette nuit \u00e0 Paris, selon les informations de stade28.net.<\/p>\n<p>D&rsquo;apr\u00e8s nos sources, Salifou Camara, connu sous le nom de \u00ab\u00a0Super V\u00a0\u00bb par ses proches, est d\u00e9c\u00e9d\u00e9 dans la nuit du lundi 15 juillet 2024 des suites d\u2019un accident vasculaire c\u00e9r\u00e9bral (AVC) \u00e0 Paris, en France.<\/p>\n<p>Pour rappel, \u00ab\u00a0Super V\u00a0\u00bb a dirig\u00e9 la F\u00e9d\u00e9ration guin\u00e9enne de football en tant que pr\u00e9sident de 2011 \u00e0 2017.<\/p>\n<p>La r\u00e9daction de stade28.net pr\u00e9sente ses sinc\u00e8res condol\u00e9ances \u00e0 sa famille, ses proches, et \u00e0 toute la communaut\u00e9 du football guin\u00e9en.<\/p>\n","protected":false},"excerpt":{"rendered":"<p>C&rsquo;est avec une grande tristesse que nous apprenons le d\u00e9c\u00e8s de Salifou Camara, surnomm\u00e9 \u00ab\u00a0Super V\u00a0\u00bb, ancien pr\u00e9sident de la F\u00e9d\u00e9ration guin\u00e9enne de Football (Feguifoot). Il est d\u00e9c\u00e9d\u00e9 cette nuit \u00e0 Paris, selon les informations de stade28.net. D&rsquo;apr\u00e8s nos sources, Salifou Camara, connu sous le nom de \u00ab\u00a0Super V\u00a0\u00bb par ses proches, est d\u00e9c\u00e9d\u00e9 dans [&hellip;]<\/p>\n","protected":false},"author":2,"featured_media":1762,"comment_status":"open","ping_status":"open","sticky":false,"template":"","format":"standard","meta":{"footnotes":""},"categories":[2],"tags":[],"class_list":{"0":"post-1760","1":"post","2":"type-post","3":"status-publish","4":"format-standard","5":"has-post-thumbnail","7":"category-news"},"aioseo_notices":[],"_links":{"self":[{"href":"https:\/\/stade28.net\/index.php\/wp-json\/wp\/v2\/posts\/1760","targetHints":{"allow":["GET"]}}],"collection":[{"href":"https:\/\/stade28.net\/index.php\/wp-json\/wp\/v2\/posts"}],"about":[{"href":"https:\/\/stade28.net\/index.php\/wp-json\/wp\/v2\/types\/post"}],"author":[{"embeddable":true,"href":"https:\/\/stade28.net\/index.php\/wp-json\/wp\/v2\/users\/2"}],"replies":[{"embeddable":true,"href":"https:\/\/stade28.net\/index.php\/wp-json\/wp\/v2\/comments?post=1760"}],"version-history":[{"count":0,"href":"https:\/\/stade28.net\/index.php\/wp-json\/wp\/v2\/posts\/1760\/revisions"}],"wp:featuredmedia":[{"embeddable":true,"href":"https:\/\/stade28.net\/index.php\/wp-json\/wp\/v2\/media\/1762"}],"wp:attachment":[{"href":"https:\/\/stade28.net\/index.php\/wp-json\/wp\/v2\/media?parent=1760"}],"wp:term":[{"taxonomy":"category","embeddable":true,"href":"https:\/\/stade28.net\/index.php\/wp-json\/wp\/v2\/categories?post=1760"},{"taxonomy":"post_tag","embeddable":true,"href":"https:\/\/stade28.net\/index.php\/wp-json\/wp\/v2\/tags?post=1760"}],"curies":[{"name":"wp","href":"https:\/\/api.w.org\/{rel}","templated":true}]}}