{"id":1753,"date":"2024-07-14T17:02:50","date_gmt":"2024-07-14T15:02:50","guid":{"rendered":"https:\/\/stade28.net\/?p=1753"},"modified":"2024-07-14T17:23:38","modified_gmt":"2024-07-14T15:23:38","slug":"guinee-le-premier-terrain-de-beach-soccer-inaugure","status":"publish","type":"post","link":"https:\/\/stade28.net\/index.php\/guinee-le-premier-terrain-de-beach-soccer-inaugure\/","title":{"rendered":"Guin\u00e9e : le premier terrain de beach soccer inaugur\u00e9 !"},"content":{"rendered":"<p>C&rsquo;est un grand soulagement ! Le premier terrain de beach soccer de la Guin\u00e9e a \u00e9t\u00e9 inaugur\u00e9 ce samedi 14 juillet 2024 \u00e0 la plage de Camayenne, situ\u00e9e dans la commune de Dixinn. La c\u00e9r\u00e9monie d\u2019inauguration s\u2019est tenue en pr\u00e9sence d\u2019Aboubacar Dinah Sampil, pr\u00e9sident de la F\u00e9d\u00e9ration guin\u00e9enne de football, de Kerfalla Camara KPC, PDG du Groupe Guicopres, ainsi que de Madame Fatoumata Macina, pr\u00e9sidente de la Ligue guin\u00e9enne de football diversifi\u00e9.<\/p>\n<p>En outre, le G\u00e9n\u00e9ral Amara Camara, ministre secr\u00e9taire g\u00e9n\u00e9ral de la Pr\u00e9sidence, Monsieur Djiba Diakit\u00e9, directeur de cabinet de la Pr\u00e9sidence, ainsi que Monsieur K\u00e9amou Bogola Haba, ministre de la Jeunesse et des Sports, \u00e9taient \u00e9galement pr\u00e9sents \u00e0 la c\u00e9r\u00e9monie.<\/p>\n<p>L\u2019inauguration de ce terrain, qui marque le d\u00e9veloppement du beach soccer dans notre pays, intervient \u00e0 un moment crucial o\u00f9 l&rsquo;\u00e9quipe nationale de beach soccer se pr\u00e9pare activement pour affronter son homologue du S\u00e9n\u00e9gal sur ce m\u00eame terrain le 21 juillet 2024, dans le cadre des \u00e9liminatoires de la CAN Beach Soccer \u00c9gypte 2024.<\/p>\n<p><img loading=\"lazy\" decoding=\"async\" class=\"alignnone size-medium wp-image-1757\" src=\"https:\/\/stade28.net\/wp-content\/uploads\/2024\/07\/20240714_144604-300x144.jpg\" alt=\"\" width=\"300\" height=\"144\" srcset=\"https:\/\/stade28.net\/wp-content\/uploads\/2024\/07\/20240714_144604-300x144.jpg 300w, https:\/\/stade28.net\/wp-content\/uploads\/2024\/07\/20240714_144604-1024x490.jpg 1024w, https:\/\/stade28.net\/wp-content\/uploads\/2024\/07\/20240714_144604-768x368.jpg 768w, https:\/\/stade28.net\/wp-content\/uploads\/2024\/07\/20240714_144604-1536x735.jpg 1536w, https:\/\/stade28.net\/wp-content\/uploads\/2024\/07\/20240714_144604-2048x981.jpg 2048w, https:\/\/stade28.net\/wp-content\/uploads\/2024\/07\/20240714_144604-150x72.jpg 150w, https:\/\/stade28.net\/wp-content\/uploads\/2024\/07\/20240714_144604-696x333.jpg 696w, https:\/\/stade28.net\/wp-content\/uploads\/2024\/07\/20240714_144604-1068x511.jpg 1068w, https:\/\/stade28.net\/wp-content\/uploads\/2024\/07\/20240714_144604-1920x919.jpg 1920w, https:\/\/stade28.net\/wp-content\/uploads\/2024\/07\/20240714_144604-877x420.jpg 877w, https:\/\/stade28.net\/wp-content\/uploads\/2024\/07\/20240714_144604-610x292.jpg 610w\" sizes=\"auto, (max-width: 300px) 100vw, 300px\" \/><strong>Marif Youla<\/strong><\/p>\n","protected":false},"excerpt":{"rendered":"<p>C&rsquo;est un grand soulagement ! Le premier terrain de beach soccer de la Guin\u00e9e a \u00e9t\u00e9 inaugur\u00e9 ce samedi 14 juillet 2024 \u00e0 la plage de Camayenne, situ\u00e9e dans la commune de Dixinn. La c\u00e9r\u00e9monie d\u2019inauguration s\u2019est tenue en pr\u00e9sence d\u2019Aboubacar Dinah Sampil, pr\u00e9sident de la F\u00e9d\u00e9ration guin\u00e9enne de football, de Kerfalla Camara KPC, PDG [&hellip;]<\/p>\n","protected":false},"author":2,"featured_media":1754,"comment_status":"open","ping_status":"open","sticky":false,"template":"","format":"standard","meta":{"footnotes":""},"categories":[2],"tags":[],"class_list":{"0":"post-1753","1":"post","2":"type-post","3":"status-publish","4":"format-standard","5":"has-post-thumbnail","7":"category-news"},"aioseo_notices":[],"_links":{"self":[{"href":"https:\/\/stade28.net\/index.php\/wp-json\/wp\/v2\/posts\/1753","targetHints":{"allow":["GET"]}}],"collection":[{"href":"https:\/\/stade28.net\/index.php\/wp-json\/wp\/v2\/posts"}],"about":[{"href":"https:\/\/stade28.net\/index.php\/wp-json\/wp\/v2\/types\/post"}],"author":[{"embeddable":true,"href":"https:\/\/stade28.net\/index.php\/wp-json\/wp\/v2\/users\/2"}],"replies":[{"embeddable":true,"href":"https:\/\/stade28.net\/index.php\/wp-json\/wp\/v2\/comments?post=1753"}],"version-history":[{"count":0,"href":"https:\/\/stade28.net\/index.php\/wp-json\/wp\/v2\/posts\/1753\/revisions"}],"wp:featuredmedia":[{"embeddable":true,"href":"https:\/\/stade28.net\/index.php\/wp-json\/wp\/v2\/media\/1754"}],"wp:attachment":[{"href":"https:\/\/stade28.net\/index.php\/wp-json\/wp\/v2\/media?parent=1753"}],"wp:term":[{"taxonomy":"category","embeddable":true,"href":"https:\/\/stade28.net\/index.php\/wp-json\/wp\/v2\/categories?post=1753"},{"taxonomy":"post_tag","embeddable":true,"href":"https:\/\/stade28.net\/index.php\/wp-json\/wp\/v2\/tags?post=1753"}],"curies":[{"name":"wp","href":"https:\/\/api.w.org\/{rel}","templated":true}]}}