{"id":1733,"date":"2024-07-12T18:00:15","date_gmt":"2024-07-12T16:00:15","guid":{"rendered":"https:\/\/stade28.net\/?p=1733"},"modified":"2024-07-12T18:11:35","modified_gmt":"2024-07-12T16:11:35","slug":"crise-dans-le-volley-ball-guineen-un-compromis-trouve","status":"publish","type":"post","link":"https:\/\/stade28.net\/index.php\/crise-dans-le-volley-ball-guineen-un-compromis-trouve\/","title":{"rendered":"Crise dans le Volley-ball Guin\u00e9en : Un compromis trouv\u00e9 !"},"content":{"rendered":"<p>C\u2019est un secret de polichinelle : la f\u00e9d\u00e9ration guin\u00e9enne de volley-ball est en crise depuis plusieurs ann\u00e9es. Pour mettre un terme \u00e0 cette situation qui n\u2019a que trop dur\u00e9, une rencontre entre le Comit\u00e9 National Olympique et Sportif, les acteurs du volley-ball national et le minist\u00e8re en charge des sports a eu lieu ce jeudi 11 juillet\u00a0 2024 au si\u00e8ge du CNOSG, situ\u00e9 au stade du 28 Septembre de Conakry.<\/p>\n<p>Apr\u00e8s un long entretien, les acteurs du volley-ball guin\u00e9en ont trouv\u00e9 un accord pour une sortie de crise sous la houlette du pr\u00e9sident Elhadj Ben Daouda Nansoko. Cet accord, trouv\u00e9 \u00e0 l&rsquo;unanimit\u00e9, met fin \u00e0 une crise de plusieurs mois. \u00c0 l&rsquo;unanimit\u00e9, Mariama Cir\u00e9 Keita (pr\u00e9sidente par int\u00e9rim) et Mamady Kobol\u00e9 du camp oppos\u00e9 au BE ont \u00e9t\u00e9 d\u00e9sign\u00e9s respectivement pr\u00e9sidente et vice-pr\u00e9sident de la F\u00e9d\u00e9ration Guin\u00e9enne de Volley-ball. Ils auront pour mission de r\u00e9viser les statuts, les textes et les r\u00e8glements int\u00e9rieurs, ainsi que d\u2019organiser les \u00e9lections de la f\u00e9d\u00e9ration guin\u00e9enne de volley-ball.<\/p>\n<p><strong>Marif Youla\u00a0<\/strong><\/p>\n","protected":false},"excerpt":{"rendered":"<p>C\u2019est un secret de polichinelle : la f\u00e9d\u00e9ration guin\u00e9enne de volley-ball est en crise depuis plusieurs ann\u00e9es. Pour mettre un terme \u00e0 cette situation qui n\u2019a que trop dur\u00e9, une rencontre entre le Comit\u00e9 National Olympique et Sportif, les acteurs du volley-ball national et le minist\u00e8re en charge des sports a eu lieu ce jeudi [&hellip;]<\/p>\n","protected":false},"author":2,"featured_media":1734,"comment_status":"open","ping_status":"open","sticky":false,"template":"","format":"standard","meta":{"footnotes":""},"categories":[2],"tags":[],"class_list":{"0":"post-1733","1":"post","2":"type-post","3":"status-publish","4":"format-standard","5":"has-post-thumbnail","7":"category-news"},"aioseo_notices":[],"_links":{"self":[{"href":"https:\/\/stade28.net\/index.php\/wp-json\/wp\/v2\/posts\/1733","targetHints":{"allow":["GET"]}}],"collection":[{"href":"https:\/\/stade28.net\/index.php\/wp-json\/wp\/v2\/posts"}],"about":[{"href":"https:\/\/stade28.net\/index.php\/wp-json\/wp\/v2\/types\/post"}],"author":[{"embeddable":true,"href":"https:\/\/stade28.net\/index.php\/wp-json\/wp\/v2\/users\/2"}],"replies":[{"embeddable":true,"href":"https:\/\/stade28.net\/index.php\/wp-json\/wp\/v2\/comments?post=1733"}],"version-history":[{"count":0,"href":"https:\/\/stade28.net\/index.php\/wp-json\/wp\/v2\/posts\/1733\/revisions"}],"wp:featuredmedia":[{"embeddable":true,"href":"https:\/\/stade28.net\/index.php\/wp-json\/wp\/v2\/media\/1734"}],"wp:attachment":[{"href":"https:\/\/stade28.net\/index.php\/wp-json\/wp\/v2\/media?parent=1733"}],"wp:term":[{"taxonomy":"category","embeddable":true,"href":"https:\/\/stade28.net\/index.php\/wp-json\/wp\/v2\/categories?post=1733"},{"taxonomy":"post_tag","embeddable":true,"href":"https:\/\/stade28.net\/index.php\/wp-json\/wp\/v2\/tags?post=1733"}],"curies":[{"name":"wp","href":"https:\/\/api.w.org\/{rel}","templated":true}]}}