{"id":1708,"date":"2024-07-09T18:10:22","date_gmt":"2024-07-09T16:10:22","guid":{"rendered":"https:\/\/stade28.net\/?p=1708"},"modified":"2024-07-09T18:11:28","modified_gmt":"2024-07-09T16:11:28","slug":"discours-du-president-de-la-federation-guineenne-de-karate-et-arts-martiaux-affinitaires-a-loccasion-de-la-cloture-de-la-4-eme-edition-des-championnats-dafrique-de-karate-de-la-regio","status":"publish","type":"post","link":"https:\/\/stade28.net\/index.php\/discours-du-president-de-la-federation-guineenne-de-karate-et-arts-martiaux-affinitaires-a-loccasion-de-la-cloture-de-la-4-eme-edition-des-championnats-dafrique-de-karate-de-la-regio\/","title":{"rendered":"DISCOURS DU PRESIDENT DE LA F\u00c9D\u00c9RATION GUIN\u00c9ENNE DE KARAT\u00c9 ET ARTS MARTIAUX AFFINITAIRES A L\u2019OCCASION DE LA CL\u00d4TURE DE LA 4 \u00c8ME \u00c9DITION DES CHAMPIONNATS D\u2019AFRIQUE DE KARAT\u00c9 DE LA R\u00c9GION OUEST 1\u00a0"},"content":{"rendered":"<div dir=\"auto\"><\/div>\n<div dir=\"auto\">\n<p>\u00a0 \u00a0 \u00a0 \u00a0 \u00a0 \u00a0<strong>DISCOURS\u00a0<\/strong><\/p>\n<div dir=\"auto\"><\/div>\n<div dir=\"auto\">\n<div dir=\"auto\">Chers athl\u00e8tes, encadreurs techniques et administratifs, arbitres, autorit\u00e9s sportives et politiques,<\/div>\n<div dir=\"auto\"><\/div>\n<div dir=\"auto\">Je tiens \u00e0 exprimer mes sinc\u00e8res remerciements et ma profonde gratitude \u00e0 chacun d&rsquo;entre vous pour votre pr\u00e9sence et votre participation \u00e0 la comp\u00e9tition de karat\u00e9 qui s&rsquo;est d\u00e9roul\u00e9e du 3 au 7 juillet 2024 \u00e0 Conakry.<\/div>\n<div dir=\"auto\"><\/div>\n<div dir=\"auto\">Votre d\u00e9vouement, votre esprit sportif et votre engagement ont contribu\u00e9 au succ\u00e8s \u00e9clatant de cet \u00e9v\u00e9nement. Vous avez non seulement honor\u00e9 vos pays respectifs mais aussi renforc\u00e9 les liens d\u2019amiti\u00e9 et de solidarit\u00e9 entre nos nations.<\/div>\n<div dir=\"auto\"><\/div>\n<div dir=\"auto\">Je f\u00e9licite \u00e9galement chaleureusement les responsables de l&rsquo;Union des F\u00e9d\u00e9rations Africaines de Karat\u00e9 (UFAK) pour leurs efforts inlassables et leur organisation exemplaire, sans lesquels cette comp\u00e9tition n&rsquo;aurait pas \u00e9t\u00e9 possible.<\/div>\n<div dir=\"auto\"><\/div>\n<div dir=\"auto\">Je voudrais adresser un remerciement particulier \u00e0 Monsieur le Ministre des Sports, Keamou Bogola HABA, pour son soutien constant et son engagement envers le d\u00e9veloppement du karat\u00e9 en Guin\u00e9e.<\/div>\n<div dir=\"auto\"><\/div>\n<div dir=\"auto\">Je tiens aussi \u00e0 exprimer ma reconnaissance envers la presse sportive de Guin\u00e9e pour leur couverture exceptionnelle et leur r\u00f4le essentiel dans la promotion de cet \u00e9v\u00e9nement.<\/div>\n<div dir=\"auto\"><\/div>\n<div dir=\"auto\">Enfin, mes remerciements vont \u00e9galement au Comit\u00e9 National Olympique et Sportif Guin\u00e9en pour leur soutien et leur contribution pr\u00e9cieuse au succ\u00e8s de cette comp\u00e9tition.<\/div>\n<div dir=\"auto\"><\/div>\n<div dir=\"auto\">Ensemble, nous avons montr\u00e9 que le karat\u00e9 en Afrique de l\u2019Ouest est en pleine croissance et que, gr\u00e2ce \u00e0 notre coop\u00e9ration et \u00e0 notre d\u00e9termination, nous pouvons atteindre des sommets encore plus \u00e9lev\u00e9s.<\/div>\n<div dir=\"auto\"><\/div>\n<div dir=\"auto\">Avec toute ma gratitude,<\/div>\n<div dir=\"auto\"><\/div>\n<div dir=\"auto\">Cheick Cond\u00e9<\/div>\n<div dir=\"auto\">Pr\u00e9sident de la R\u00e9gion 1 de Karat\u00e9<\/div>\n<\/div>\n<\/div>\n","protected":false},"excerpt":{"rendered":"<p>\u00a0 \u00a0 \u00a0 \u00a0 \u00a0 \u00a0DISCOURS\u00a0 Chers athl\u00e8tes, encadreurs techniques et administratifs, arbitres, autorit\u00e9s sportives et politiques, Je tiens \u00e0 exprimer mes sinc\u00e8res remerciements et ma profonde gratitude \u00e0 chacun d&rsquo;entre vous pour votre pr\u00e9sence et votre participation \u00e0 la comp\u00e9tition de karat\u00e9 qui s&rsquo;est d\u00e9roul\u00e9e du 3 au 7 juillet 2024 \u00e0 Conakry. Votre [&hellip;]<\/p>\n","protected":false},"author":2,"featured_media":1709,"comment_status":"open","ping_status":"open","sticky":false,"template":"","format":"standard","meta":{"footnotes":""},"categories":[2],"tags":[],"class_list":{"0":"post-1708","1":"post","2":"type-post","3":"status-publish","4":"format-standard","5":"has-post-thumbnail","7":"category-news"},"aioseo_notices":[],"_links":{"self":[{"href":"https:\/\/stade28.net\/index.php\/wp-json\/wp\/v2\/posts\/1708","targetHints":{"allow":["GET"]}}],"collection":[{"href":"https:\/\/stade28.net\/index.php\/wp-json\/wp\/v2\/posts"}],"about":[{"href":"https:\/\/stade28.net\/index.php\/wp-json\/wp\/v2\/types\/post"}],"author":[{"embeddable":true,"href":"https:\/\/stade28.net\/index.php\/wp-json\/wp\/v2\/users\/2"}],"replies":[{"embeddable":true,"href":"https:\/\/stade28.net\/index.php\/wp-json\/wp\/v2\/comments?post=1708"}],"version-history":[{"count":0,"href":"https:\/\/stade28.net\/index.php\/wp-json\/wp\/v2\/posts\/1708\/revisions"}],"wp:featuredmedia":[{"embeddable":true,"href":"https:\/\/stade28.net\/index.php\/wp-json\/wp\/v2\/media\/1709"}],"wp:attachment":[{"href":"https:\/\/stade28.net\/index.php\/wp-json\/wp\/v2\/media?parent=1708"}],"wp:term":[{"taxonomy":"category","embeddable":true,"href":"https:\/\/stade28.net\/index.php\/wp-json\/wp\/v2\/categories?post=1708"},{"taxonomy":"post_tag","embeddable":true,"href":"https:\/\/stade28.net\/index.php\/wp-json\/wp\/v2\/tags?post=1708"}],"curies":[{"name":"wp","href":"https:\/\/api.w.org\/{rel}","templated":true}]}}