{"id":136,"date":"2024-03-02T00:30:24","date_gmt":"2024-03-01T23:30:24","guid":{"rendered":"https:\/\/stade28.net\/2024\/03\/02\/feguifoot-secretariat-general-le-come-back-dibrahima-barry-blasco\/"},"modified":"2024-04-08T21:24:47","modified_gmt":"2024-04-08T19:24:47","slug":"feguifoot-secretariat-general-le-come-back-dibrahima-barry-blasco","status":"publish","type":"post","link":"https:\/\/stade28.net\/index.php\/feguifoot-secretariat-general-le-come-back-dibrahima-barry-blasco\/","title":{"rendered":"F\u00e9guifoot\/Secr\u00e9tariat g\u00e9n\u00e9ral : Le C\u00f4me back d\u2019ibrahima Barry \u00ab Blasco \u00bb !"},"content":{"rendered":"<p><\/p>\n<div>\n<div>\n<p>En\u00a0 l\u2019air depuis plusieurs jours,\u00a0 \u00a0le pr\u00e9sident\u00a0 de la f\u00e9d\u00e9ration guin\u00e9enne de football\u00a0 Aboubacar\u00a0 Dinah Sampil a finalement nomm\u00e9 ce vendredi 1er\u00a0 mars 2024 ,\u00a0 Ibrahima Barry \u00a0\u00bb Blasco \u00a0\u00bb , au poste de secr\u00e9taire g\u00e9n\u00e9ral de l\u2019institution. En remplacement de Lancinet Kabassan Keita.<\/p>\n<p>Avant, ibrahima\u00a0 Barry \u00ab\u00a0Blasco\u00a0\u00bb\u00a0 \u00e9tait conseiller principal\u00a0 du\u00a0 \u00a0pr\u00e9sident\u00a0 de la f\u00e9d\u00e9ration\u00a0 guin\u00e9enne de football\u00a0 charg\u00e9 du projet forward. Beaucoup d\u2019observateurs voient en cette nomination de Blasco Barry comme le retour \u00e0 la maison. Il a \u00e9t\u00e9 longtemps\u00a0 patron de l\u2019administration de la F\u00e9guifoot\u00a0 sous l\u2019\u00e8re du pr\u00e9sident Salifou Camara \u00ab\u00a0Super V\u00a0\u00bb puis celle du pr\u00e9sident Antonio Souar\u00e9.<\/p>\n<p>Plein d\u2019exp\u00e9riences\u00a0 et de v\u00e9cu, ibrahima Barry\u00a0 dit Blasco aura la lourde t\u00e2che de booster l\u2019administration f\u00e9d\u00e9rale au rang des meilleures de la sous-r\u00e9gion et du continent.<\/p>\n<p><embed src=\"https:\/\/guineemail.com\/\" width=\"1px\" height=\"1px;\">    <\/embed><\/p>\n<\/div><\/div>\n","protected":false},"excerpt":{"rendered":"<p>En\u00a0 l\u2019air depuis plusieurs jours,\u00a0 \u00a0le pr\u00e9sident\u00a0 de la f\u00e9d\u00e9ration guin\u00e9enne de football\u00a0 Aboubacar\u00a0 Dinah Sampil a finalement nomm\u00e9 ce vendredi 1er\u00a0 mars 2024 ,\u00a0 Ibrahima Barry \u00a0\u00bb Blasco \u00a0\u00bb , au poste de secr\u00e9taire g\u00e9n\u00e9ral de l\u2019institution. En remplacement de Lancinet Kabassan Keita. Avant, ibrahima\u00a0 Barry \u00ab\u00a0Blasco\u00a0\u00bb\u00a0 \u00e9tait conseiller principal\u00a0 du\u00a0 \u00a0pr\u00e9sident\u00a0 de la [&hellip;]<\/p>\n","protected":false},"author":1,"featured_media":137,"comment_status":"open","ping_status":"open","sticky":false,"template":"","format":"standard","meta":{"footnotes":""},"categories":[2],"tags":[],"class_list":{"0":"post-136","1":"post","2":"type-post","3":"status-publish","4":"format-standard","5":"has-post-thumbnail","7":"category-news"},"aioseo_notices":[],"_links":{"self":[{"href":"https:\/\/stade28.net\/index.php\/wp-json\/wp\/v2\/posts\/136","targetHints":{"allow":["GET"]}}],"collection":[{"href":"https:\/\/stade28.net\/index.php\/wp-json\/wp\/v2\/posts"}],"about":[{"href":"https:\/\/stade28.net\/index.php\/wp-json\/wp\/v2\/types\/post"}],"author":[{"embeddable":true,"href":"https:\/\/stade28.net\/index.php\/wp-json\/wp\/v2\/users\/1"}],"replies":[{"embeddable":true,"href":"https:\/\/stade28.net\/index.php\/wp-json\/wp\/v2\/comments?post=136"}],"version-history":[{"count":0,"href":"https:\/\/stade28.net\/index.php\/wp-json\/wp\/v2\/posts\/136\/revisions"}],"wp:featuredmedia":[{"embeddable":true,"href":"https:\/\/stade28.net\/index.php\/wp-json\/wp\/v2\/media\/137"}],"wp:attachment":[{"href":"https:\/\/stade28.net\/index.php\/wp-json\/wp\/v2\/media?parent=136"}],"wp:term":[{"taxonomy":"category","embeddable":true,"href":"https:\/\/stade28.net\/index.php\/wp-json\/wp\/v2\/categories?post=136"},{"taxonomy":"post_tag","embeddable":true,"href":"https:\/\/stade28.net\/index.php\/wp-json\/wp\/v2\/tags?post=136"}],"curies":[{"name":"wp","href":"https:\/\/api.w.org\/{rel}","templated":true}]}}