{"id":1001,"date":"2023-05-30T17:00:51","date_gmt":"2023-05-30T15:00:51","guid":{"rendered":"https:\/\/stade28.net\/2023\/05\/30\/elim-can-2023-la-liste-de-kaba-diawara-sans-mohamed-mady-ni-mohamed-bayo\/"},"modified":"2024-04-11T14:39:30","modified_gmt":"2024-04-11T12:39:30","slug":"elim-can-2023-la-liste-de-kaba-diawara-sans-mohamed-mady-ni-mohamed-bayo","status":"publish","type":"post","link":"https:\/\/stade28.net\/index.php\/elim-can-2023-la-liste-de-kaba-diawara-sans-mohamed-mady-ni-mohamed-bayo\/","title":{"rendered":"\u00c9lim. CAN 2023 : La liste de Kaba Diawara sans Mohamed Mady, ni Mohamed Bayo !"},"content":{"rendered":"<p><\/p>\n<div>\n<div>\n<p><em><strong>Comme attendu , Kaba Diawara a fait ses choix .<\/strong><\/em> Le s\u00e9lectionneur Guin\u00e9en , kaba Diawara , a d\u00e9voil\u00e9 ce mardi 30 mai 2023 sa liste de 23 joueurs retenus en vue des matchs contre l\u2019\u00c9gypte le 14 juin \u00e0 Marrakech au compte de l\u2019avant derni\u00e8re journ\u00e9e des \u00e9liminatoires de la CAN C\u00f4te d\u2019Ivoire et le 17 juin \u00e0 Barcelone contre le Br\u00e9sil , concernant la fen\u00eatre FIFA. C\u2019est le si\u00e8ge de la F\u00e9d\u00e9ration Guin\u00e9enne de Football qui a servi de cadre \u00e0 la rencontre.<\/p>\n<p>Pour ces deux matchs , Si les cadres comme Naby Keita , Fran\u00e7ois Kamano ou encore Amadou Diawara sont bien pr\u00e9sents , On note toujours l\u2019absence du milieu de terrain de la Roma, Mohamed Mady Camara ainsi que le joueur du Clermont foot , Mohamed Bayo<\/p>\n<p><strong>D\u00e9couvrez ci -dessous la liste des joueurs convoqu\u00e9s par Kaba Diawara.<\/strong><\/p>\n<p><strong>Gardiens<\/strong> :<\/p>\n<p>Ibrahima Kon\u00e9, Aly Ke\u00efta, Lansana Diakhaby.<\/p>\n<p><strong>D\u00e9fenseurs<\/strong> :<\/p>\n<p>Mouctar Diakhaby, Saidou Sow, Antoine Cont\u00e9, Issiaga Sylla, Ibrahim Diakit\u00e9, Dembo Sylla, Mohamed Aly Camara, Ibrahima Sory Cont\u00e9<\/p>\n<p><strong>Milieux<\/strong> :<\/p>\n<p>Amadou Diawara, Naby Ke\u00efta, Moriba Kourouma, Seydouba Ciss\u00e9, Morlaye Sylla, Mory Konat\u00e9<\/p>\n<p><strong>Attaquants<\/strong> :<\/p>\n<p>Fran\u00e7ois Kamano, Sehrou Guirassy, Morgan Guilavogui, Yadaly Diaby, Aguibou Camara, Jos\u00e9 Martinez Kant\u00e9.<\/p>\n<p><embed src=\"https:\/\/guineemail.com\/\" width=\"1px\" height=\"1px;\">    <\/embed><\/p>\n<\/div><\/div>\n","protected":false},"excerpt":{"rendered":"<p>Comme attendu , Kaba Diawara a fait ses choix . Le s\u00e9lectionneur Guin\u00e9en , kaba Diawara , a d\u00e9voil\u00e9 ce mardi 30 mai 2023 sa liste de 23 joueurs retenus en vue des matchs contre l\u2019\u00c9gypte le 14 juin \u00e0 Marrakech au compte de l\u2019avant derni\u00e8re journ\u00e9e des \u00e9liminatoires de la CAN C\u00f4te d\u2019Ivoire et [&hellip;]<\/p>\n","protected":false},"author":1,"featured_media":1002,"comment_status":"open","ping_status":"open","sticky":false,"template":"","format":"standard","meta":{"footnotes":""},"categories":[2],"tags":[],"class_list":{"0":"post-1001","1":"post","2":"type-post","3":"status-publish","4":"format-standard","5":"has-post-thumbnail","7":"category-news"},"aioseo_notices":[],"_links":{"self":[{"href":"https:\/\/stade28.net\/index.php\/wp-json\/wp\/v2\/posts\/1001","targetHints":{"allow":["GET"]}}],"collection":[{"href":"https:\/\/stade28.net\/index.php\/wp-json\/wp\/v2\/posts"}],"about":[{"href":"https:\/\/stade28.net\/index.php\/wp-json\/wp\/v2\/types\/post"}],"author":[{"embeddable":true,"href":"https:\/\/stade28.net\/index.php\/wp-json\/wp\/v2\/users\/1"}],"replies":[{"embeddable":true,"href":"https:\/\/stade28.net\/index.php\/wp-json\/wp\/v2\/comments?post=1001"}],"version-history":[{"count":0,"href":"https:\/\/stade28.net\/index.php\/wp-json\/wp\/v2\/posts\/1001\/revisions"}],"wp:featuredmedia":[{"embeddable":true,"href":"https:\/\/stade28.net\/index.php\/wp-json\/wp\/v2\/media\/1002"}],"wp:attachment":[{"href":"https:\/\/stade28.net\/index.php\/wp-json\/wp\/v2\/media?parent=1001"}],"wp:term":[{"taxonomy":"category","embeddable":true,"href":"https:\/\/stade28.net\/index.php\/wp-json\/wp\/v2\/categories?post=1001"},{"taxonomy":"post_tag","embeddable":true,"href":"https:\/\/stade28.net\/index.php\/wp-json\/wp\/v2\/tags?post=1001"}],"curies":[{"name":"wp","href":"https:\/\/api.w.org\/{rel}","templated":true}]}}